{"id":81,"date":"2024-08-22T21:12:42","date_gmt":"2024-08-22T19:12:42","guid":{"rendered":"https:\/\/refan-lublin.pl\/index.php\/2024\/08\/22\/techniki-makijazu-dla-profesjonalistow-krok-po-kroku\/"},"modified":"2024-08-22T21:12:42","modified_gmt":"2024-08-22T19:12:42","slug":"techniki-makijazu-dla-profesjonalistow-krok-po-kroku","status":"publish","type":"post","link":"https:\/\/refan-lublin.pl\/index.php\/2024\/08\/22\/techniki-makijazu-dla-profesjonalistow-krok-po-kroku\/","title":{"rendered":"Techniki makija\u017cu dla profesjonalist\u00f3w: Krok po kroku"},"content":{"rendered":"<h2>Klasyczna technika konturowania twarzy<\/h2>\n<p>Klasyczna technika konturowania twarzy jest niezwykle popularnym sposobem modelowania i podkre\u015blania naturalnych rys\u00f3w twarzy za pomoc\u0105 makija\u017cu. Ten krok po kroku przewodnik poka\u017ce profesjonalistom, jak u\u017cywa\u0107 tej techniki, by osi\u0105gn\u0105\u0107 perfekcyjny efekt.<\/p>\n<p>Krok 1: Przygotowanie sk\u00f3ry. Pierwszym krokiem jest dok\u0142adne oczyszczenie i nawil\u017cenie sk\u00f3ry. Nast\u0119pnie nale\u017cy na\u0142o\u017cy\u0107 baz\u0119 pod makija\u017c, kt\u00f3ra wyg\u0142adzi powierzchni\u0119 sk\u00f3ry i przed\u0142u\u017cy trwa\u0142o\u015b\u0107 makija\u017cu.<\/p>\n<p>Krok 2: Konturowanie jasnym podk\u0142adem. Aby roz\u015bwietli\u0107 i podkre\u015bli\u0107 wybrane obszary twarzy, nale\u017cy u\u017cy\u0107 jasnego podk\u0142adu lub korektora. Nak\u0142adamy go na \u015brodek czo\u0142a, grzbiet nosa, pod oczy, na \u0142uk kupidyna, brod\u0119 i na ko\u015bci policzkowe.<\/p>\n<p>Krok 3: Konturowanie ciemnym podk\u0142adem. Nast\u0119pnie si\u0119gamy po ciemniejszy podk\u0142ad lub bronzer, aby zaznaczy\u0107 cienie na twarzy. Nak\u0142adamy go wzd\u0142u\u017c linii w\u0142os\u00f3w na czole, pod ko\u015b\u0107mi policzkowymi, pod \u017cuchw\u0119 i na bokach nosa.<\/p>\n<p>Krok 4: Rozblendowanie. Wa\u017cnym krokiem jest dok\u0142adne rozblendowanie jasnego i ciemnego podk\u0142adu, aby efekt by\u0142 naturalny. Mo\u017cna u\u017cy\u0107 do tego p\u0119dzla lub g\u0105bki do makija\u017cu.<\/p>\n<p>Krok 5: Ustalenie makija\u017cu. Aby zachowa\u0107 efekt konturowania przez ca\u0142y dzie\u0144, warto u\u017cy\u0107 transparentnego pudru, kt\u00f3ry ustali makija\u017c i zniweluje nadmiar b\u0142yszczenia.<\/p>\n<p>Zastosowanie klasycznej techniki konturowania twarzy pozwala na uzyskanie tr\u00f3jwymiarowego efektu i wyeksponowanie naturalnych rys\u00f3w twarzy. Dla profesjonalist\u00f3w makija\u017cu jest to niezwykle przydatne narz\u0119dzie, pozwalaj\u0105ce osi\u0105gn\u0105\u0107 perfekcyjny wygl\u0105d.<\/p>\n<h2>Wykorzystanie korektora do idealnego wyg\u0142adzenia sk\u00f3ry<\/h2>\n<p>Technika makija\u017cu dla profesjonalist\u00f3w to wa\u017cny element pracy w bran\u017cy beauty. Jednym z kluczowych krok\u00f3w w procesie przygotowywania makija\u017cu jest wykorzystanie korektora do idealnego wyg\u0142adzenia sk\u00f3ry. Dob\u00f3r odpowiedniego korektora oraz umiej\u0119tne jego zastosowanie mo\u017ce zdzia\u0142a\u0107 cuda, sprawiaj\u0105c, \u017ce sk\u00f3ra wygl\u0105da perfekcyjnie.<\/p>\n<p>Pierwszym krokiem jest wyb\u00f3r korektora o odpowiednim odcieniu, kt\u00f3ry b\u0119dzie pasowa\u0142 do koloru sk\u00f3ry. Nale\u017cy pami\u0119ta\u0107, \u017ce korektor nie tylko maskuje niedoskona\u0142o\u015bci, ale tak\u017ce roz\u015bwietla i koryguje koloryt sk\u00f3ry. Po na\u0142o\u017ceniu podk\u0142adu nale\u017cy u\u017cy\u0107 korektora jedynie na te partie twarzy, kt\u00f3re wymagaj\u0105 dodatkowego zatuszowania, takie jak cienie pod oczami, zaczerwienienia czy niedoskona\u0142o\u015bci.<\/p>\n<p>Technika aplikacji korektora jest kluczowa dla osi\u0105gni\u0119cia naturalnego efektu. Zaleca si\u0119 delikatne wklepywanie korektora opuszkami palc\u00f3w lub wykorzystanie specjalnego p\u0119dzla do mieszania. Nale\u017cy unika\u0107 zbyt intensywnego wcierania produktu, aby unikn\u0105\u0107 powstawania smug i zaci\u0119\u0107.<\/p>\n<p>Warto r\u00f3wnie\u017c pami\u0119ta\u0107, \u017ce korektor mo\u017cna tak\u017ce wykorzysta\u0107 do konturowania twarzy, nadaj\u0105c jej odpowiedni kszta\u0142t i wyrazisto\u015b\u0107. Wystarczy wybra\u0107 korektor o kilka ton\u00f3w ja\u015bniejszy od naturalnego koloru sk\u00f3ry i u\u017cy\u0107 go do rozja\u015bnienia i podkre\u015blenia niekt\u00f3rych obszar\u00f3w twarzy.<\/p>\n<p>Podsumowuj\u0105c, wykorzystanie korektora w procesie makija\u017cu jest niezwykle istotne dla uzyskania perfekcyjnego efektu. Odpowiedni dob\u00f3r koloru i technika aplikacji sprawi\u0105, \u017ce sk\u00f3ra b\u0119dzie g\u0142adka, roz\u015bwietlona i idealnie zatuszowana, przy zachowaniu naturalnego wygl\u0105du.<\/p>\n<h2>Techniki podkre\u015blaj\u0105ce naturalne pi\u0119kno oczu<\/h2>\n<p>\nTechniki makija\u017cu dla profesjonalist\u00f3w: Krok po kroku &#8211; Podkre\u015blanie Naturalnego Pi\u0119kna Oczu<\/p>\n<p>Makija\u017c, niezale\u017cnie od trend\u00f3w, zawsze powinien podkre\u015bla\u0107 naturalne pi\u0119kno. Sprawny makija\u017cysta potrafi wydoby\u0107 z oczu g\u0142\u0119bi\u0119 i energi\u0119, stawiaj\u0105c na naturalno\u015b\u0107. Oto krok po kroku jak osi\u0105gn\u0105\u0107 ten efekt.<\/p>\n<p>1. Przygotowanie powiek:<br \/>\nNajwa\u017cniejszym krokiem podczas podkre\u015blania naturalnego pi\u0119kna oczu jest dobrze przygotowana powieka. Dlatego konieczne jest zastosowanie bazy pod cienie, kt\u00f3ra utrwali makija\u017c i zapewni jego trwa\u0142o\u015b\u0107 przez d\u0142ugi czas.<\/p>\n<p>2. Delikatny cie\u0144 do powiek:<br \/>\nWybieraj\u0105c cie\u0144 do powiek, nale\u017cy postawi\u0107 na delikatne, naturalne odcienie. Matowy be\u017c, z\u0142ocisty br\u0105z lub delikatny r\u00f3\u017c to doskona\u0142e wybory. Nak\u0142adaj cie\u0144 r\u00f3wnomiernie na powiek\u0119, by uzyska\u0107 subtelny efekt.<\/p>\n<p>3. Podkre\u015blenie rz\u0119s:<br \/>\nNaturalne pi\u0119kno oczu mo\u017cna wzmocni\u0107 z pomoc\u0105 tuszu do rz\u0119s. Unikaj efektu spi\u0119trzonych, pogrubionych rz\u0119s, a postaw na delikatne wyd\u0142u\u017cenie i rozdzielenie rz\u0119s. Tuszuj rz\u0119sy warstwami, unikaj\u0105c nadmiaru produktu.<\/p>\n<p>4. Subtelny eyeliner:<br \/>\nKo\u0144cowym etapem podkre\u015blania naturalnego pi\u0119kna oczu jest wykonanie delikatnej kreski eyelinerem. Wybierz br\u0105zowy lub grafitowy eyeliner, kt\u00f3ry doda g\u0142\u0119bi spojrzeniu, ale nie b\u0119dzie zbyt agresywny. Kreska powinna by\u0107 cienka i subtelna, podkre\u015blaj\u0105ca naturalny kszta\u0142t oka.<\/p>\n<p>Podsumowuj\u0105c, podkre\u015blanie naturalnego pi\u0119kna oczu wymaga subtelno\u015bci i umiej\u0119tno\u015bci wydobycia pi\u0119kna bez nadmiernych efekt\u00f3w. Pracuj\u0105c krok po kroku z delikatnymi kosmetykami, mo\u017cna osi\u0105gn\u0105\u0107 zachwycaj\u0105cy, naturalny makija\u017c oczu.\n<\/p>\n<h2>Trendy w makija\u017cu ust: od matowych do b\u0142yszcz\u0105cych odcieni<\/h2>\n<p>Techniki makija\u017cu maj\u0105 wci\u0105\u017c ewoluuj\u0105c\u0105 dynamik\u0119, a w\u015br\u00f3d najbardziej popularnych trend\u00f3w zawsze znajduj\u0105 si\u0119 r\u00f3\u017cnorodne style makija\u017cu ust. Od matowych po b\u0142yszcz\u0105ce odcienie, ten fragment artyku\u0142u pozwoli ci lepiej zrozumie\u0107 obecne trendy w makija\u017cu ust, krok po kroku. <\/p>\n<p>Na pocz\u0105tek, matowe odcienie ust wci\u0105\u017c pozostaj\u0105 jednym z g\u0142\u00f3wnych trend\u00f3w. Matowy efekt dodaje elegancji i klasy, jednak wa\u017cne jest, aby wybra\u0107 odpowiedni kolor, kt\u00f3ry pasuje do tonacji sk\u00f3ry i stylu makija\u017cu. Kieruj\u0105c si\u0119 tym trendem, marki kosmetyczne oferuj\u0105 coraz wi\u0119kszy wyb\u00f3r matowych pomadek w intensywnych odcieniach, zapewniaj\u0105c trwa\u0142o\u015b\u0107 i pi\u0119kny wygl\u0105d ust przez d\u0142ugi czas. Aby osi\u0105gn\u0105\u0107 idealny matowy efekt, konieczne jest upewnienie si\u0119, \u017ce usta s\u0105 odpowiednio nawil\u017cone przed na\u0142o\u017ceniem produktu, co zapewni g\u0142adkie i pi\u0119kne wyko\u0144czenie.<\/p>\n<p>Z drugiej strony, b\u0142yszcz\u0105ce odcienie ust r\u00f3wnie\u017c odzyskuj\u0105 popularno\u015b\u0107. B\u0142yszczyki do ust o intensywnym po\u0142ysku, wyposa\u017cone w od\u017cywcze sk\u0142adniki, s\u0105 idealnym wyborem dla tych, kt\u00f3rzy pragn\u0105 dodatkowej obj\u0119to\u015bci i blasku. Popularne s\u0105 r\u00f3wnie\u017c b\u0142yszcz\u0105ce pomadki, kt\u00f3re oferuj\u0105 r\u00f3\u017cnorodno\u015b\u0107 kolor\u00f3w, pozwalaj\u0105c ka\u017cdemu znale\u017a\u0107 ulubiony odcie\u0144. Dzi\u0119ki swojej uniwersalno\u015bci, b\u0142yszcz\u0105ce odcienie ust s\u0105 doskona\u0142ym wyborem zar\u00f3wno na co dzie\u0144, jak i na wieczorne wyj\u015bcia, dodaj\u0105c uroku i \u015bwie\u017co\u015bci ca\u0142emu makija\u017cowi.<\/p>\n<p>Podsumowuj\u0105c, zar\u00f3wno matowe, jak i b\u0142yszcz\u0105ce odcienie ust wci\u0105\u017c kr\u00f3luj\u0105 w \u015bwiecie makija\u017cu. Warto eksperymentowa\u0107 z r\u00f3\u017cnorodnymi kolorami i wyko\u0144czeniami, aby znale\u017a\u0107 idealny odcie\u0144 dopasowany do swojego stylu i okazji. Niezale\u017cnie od preferencji, kluczem do osi\u0105gni\u0119cia doskona\u0142ego makija\u017cu ust jest znajomo\u015b\u0107 trend\u00f3w oraz umiej\u0119tno\u015b\u0107 w\u0142a\u015bciwego doboru produkt\u00f3w, odpowiadaj\u0105cych indywidualnym potrzebom i preferencjom.<\/p>\n<h2>Sztuczki do uzyskania d\u0142ugotrwa\u0142ego i profesjonalnego efektu<\/h2>\n<p>Techniki makija\u017cu dla profesjonalist\u00f3w s\u0105 kluczowe dla uzyskania d\u0142ugotrwa\u0142ego i profesjonalnego efektu. Istnieje wiele sztuczek, kt\u00f3re mog\u0105 by\u0107 wykorzystane do osi\u0105gni\u0119cia po\u017c\u0105danego rezultatu. Pierwszym krokiem jest przygotowanie sk\u00f3ry poprzez dok\u0142adne oczyszczenie i nawil\u017cenie, co pomo\u017ce w utrzymaniu makija\u017cu przez d\u0142ugi czas. Nast\u0119pnie nale\u017cy zastosowa\u0107 baz\u0119 pod makija\u017c, kt\u00f3ra wyg\u0142adzi sk\u00f3r\u0119 i przed\u0142u\u017cy trwa\u0142o\u015b\u0107 makija\u017cu. Sztuczki takie jak technika &#8222;bakingu&#8221; czyli pozostawienie na chwil\u0119 pudru na obszarach pod oczami i na nosie, mo\u017ce tak\u017ce pom\u00f3c w uzyskaniu d\u0142ugotrwa\u0142ego efektu matowej cery.<\/p>\n<h2>Ostateczne wyko\u0144czenie: roz\u015bwietlenie i utrwalenie makija\u017cu<\/h2>\n<p>\nOstateczne wyko\u0144czenie makija\u017cu odgrywa kluczow\u0105 rol\u0119 w osi\u0105gni\u0119ciu profesjonalnego efektu. Roz\u015bwietlenie i utrwalenie makija\u017cu to niezwykle istotne kroki, kt\u00f3re podkre\u015blaj\u0105 naturalne atuty sk\u00f3ry i zapewniaj\u0105 trwa\u0142o\u015b\u0107 ca\u0142ej stylizacji.<br \/>\nPo na\u0142o\u017ceniu podk\u0142adu i konturowania, nadszed\u0142 czas na roz\u015bwietlenie. Aby uzyska\u0107 naturalny blask, warto si\u0119gn\u0105\u0107 po roz\u015bwietlaj\u0105ce kremy lub p\u0142yny. Produkty te mo\u017cna delikatnie wklepa\u0107 w wybrane miejsca, takie jak ko\u015bci policzkowe, \u015brodek nosa, \u0142uk kupidyna i \u0142uk brwiowy. Dodatkowo, aby utrwali\u0107 makija\u017c i zapewni\u0107 mu d\u0142ugotrwa\u0142o\u015b\u0107, warto si\u0119gn\u0105\u0107 po spray utrwalaj\u0105cy, kt\u00f3ry nada sk\u00f3rze zdrowy blask i zminimalizuje efekt &#8222;szybkiego zmatowienia&#8221;.<br \/>\nPami\u0119tajmy, \u017ce ka\u017cdy makija\u017c powinien by\u0107 dostosowany do indywidualnych potrzeb i preferencji klientki. Po\u0142\u0105czenie odpowiednich technik roz\u015bwietlenia i utrwalenia pozwoli uzyska\u0107 perfekcyjny efekt, kt\u00f3ry zachwyci nawet najbardziej wymagaj\u0105ce kobiety.<\/p>\n","protected":false},"excerpt":{"rendered":"<p>Artyku\u0142 przedstawia klasyczn\u0105 technik\u0119 konturowania twarzy, kt\u00f3ra jest popularnym sposobem modelowania naturalnych rys\u00f3w za pomoc\u0105 makija\u017cu. Opisany jest pi\u0119ciokrokowy proces, zaczynaj\u0105c od przygotowania sk\u00f3ry, poprzez konturowanie jasnym i ciemnym podk\u0142adem, a\u017c do rozblendowania i ustalenia makija\u017cu. Artyku\u0142 zach\u0119ca do nauki tej techniki, podkre\u015blaj\u0105c mo\u017cliwo\u015b\u0107 uzyskania tr\u00f3jwymiarowego efektu i eksponowania naturalnych rys\u00f3w twarzy. Ponadto, omawiana jest tak\u017ce technika wykorzystania korektora do idealnego wyg\u0142adzenia sk\u00f3ry, podaj\u0105c wskaz\u00f3wki dotycz\u0105ce doboru korektora i sposobu aplikacji. Na ko\u0144cu, artyku\u0142 prezentuje techniki podkre\u015blania naturalnego pi\u0119kna oczu, podkre\u015blaj\u0105c wag\u0119 przygotowania powiek i delikatnego cienia do powiek. Ostatecznie, artyku\u0142 zach\u0119ca do g\u0142\u0119bszego zapoznania si\u0119 z tematem, obiecuj\u0105c mo\u017cliwo\u015b\u0107 osi\u0105gni\u0119cia perfekcyjnego makija\u017cu dzi\u0119ki om\u00f3wionym technikom.<\/p>\n","protected":false},"author":1,"featured_media":80,"comment_status":"closed","ping_status":"open","sticky":false,"template":"","format":"standard","meta":{"footnotes":""},"categories":[84],"tags":[],"class_list":["post-81","post","type-post","status-publish","format-standard","has-post-thumbnail","hentry","category-profesjonalna-kosmetyka"],"yoast_head":"<!-- This site is optimized with the Yoast SEO plugin v20.10 - https:\/\/yoast.com\/wordpress\/plugins\/seo\/ -->\n<title>Techniki makija\u017cu dla profesjonalist\u00f3w: Krok po kroku - Tajemnice Piel\u0119gnacji<\/title>\n<meta name=\"robots\" content=\"index, follow, max-snippet:-1, max-image-preview:large, max-video-preview:-1\" \/>\n<link rel=\"canonical\" href=\"https:\/\/refan-lublin.pl\/index.php\/2024\/08\/22\/techniki-makijazu-dla-profesjonalistow-krok-po-kroku\/\" \/>\n<meta property=\"og:locale\" content=\"pl_PL\" \/>\n<meta property=\"og:type\" content=\"article\" \/>\n<meta property=\"og:title\" content=\"Techniki makija\u017cu dla profesjonalist\u00f3w: Krok po kroku - Tajemnice Piel\u0119gnacji\" \/>\n<meta property=\"og:description\" content=\"Artyku\u0142 przedstawia klasyczn\u0105 technik\u0119 konturowania twarzy, kt\u00f3ra jest popularnym sposobem modelowania naturalnych rys\u00f3w za pomoc\u0105 makija\u017cu. Opisany jest pi\u0119ciokrokowy proces, zaczynaj\u0105c od przygotowania sk\u00f3ry, poprzez konturowanie jasnym i ciemnym podk\u0142adem, a\u017c do rozblendowania i ustalenia makija\u017cu. Artyku\u0142 zach\u0119ca do nauki tej techniki, podkre\u015blaj\u0105c mo\u017cliwo\u015b\u0107 uzyskania tr\u00f3jwymiarowego efektu i eksponowania naturalnych rys\u00f3w twarzy. Ponadto, omawiana jest tak\u017ce technika wykorzystania korektora do idealnego wyg\u0142adzenia sk\u00f3ry, podaj\u0105c wskaz\u00f3wki dotycz\u0105ce doboru korektora i sposobu aplikacji. Na ko\u0144cu, artyku\u0142 prezentuje techniki podkre\u015blania naturalnego pi\u0119kna oczu, podkre\u015blaj\u0105c wag\u0119 przygotowania powiek i delikatnego cienia do powiek. Ostatecznie, artyku\u0142 zach\u0119ca do g\u0142\u0119bszego zapoznania si\u0119 z tematem, obiecuj\u0105c mo\u017cliwo\u015b\u0107 osi\u0105gni\u0119cia perfekcyjnego makija\u017cu dzi\u0119ki om\u00f3wionym technikom.\" \/>\n<meta property=\"og:url\" content=\"https:\/\/refan-lublin.pl\/index.php\/2024\/08\/22\/techniki-makijazu-dla-profesjonalistow-krok-po-kroku\/\" \/>\n<meta property=\"og:site_name\" content=\"Tajemnice Piel\u0119gnacji\" \/>\n<meta property=\"article:published_time\" content=\"2024-08-22T19:12:42+00:00\" \/>\n<meta name=\"author\" content=\"admin\" \/>\n<meta name=\"twitter:card\" content=\"summary_large_image\" \/>\n<meta name=\"twitter:label1\" content=\"Napisane przez\" \/>\n\t<meta name=\"twitter:data1\" content=\"admin\" \/>\n\t<meta name=\"twitter:label2\" content=\"Szacowany czas czytania\" \/>\n\t<meta name=\"twitter:data2\" content=\"7 minut\" \/>\n<script type=\"application\/ld+json\" class=\"yoast-schema-graph\">{\"@context\":\"https:\/\/schema.org\",\"@graph\":[{\"@type\":\"Article\",\"@id\":\"https:\/\/refan-lublin.pl\/index.php\/2024\/08\/22\/techniki-makijazu-dla-profesjonalistow-krok-po-kroku\/#article\",\"isPartOf\":{\"@id\":\"https:\/\/refan-lublin.pl\/index.php\/2024\/08\/22\/techniki-makijazu-dla-profesjonalistow-krok-po-kroku\/\"},\"author\":{\"name\":\"admin\",\"@id\":\"https:\/\/refan-lublin.pl\/#\/schema\/person\/b601220824c73ecebc8d823ae717c131\"},\"headline\":\"Techniki makija\u017cu dla profesjonalist\u00f3w: Krok po kroku\",\"datePublished\":\"2024-08-22T19:12:42+00:00\",\"dateModified\":\"2024-08-22T19:12:42+00:00\",\"mainEntityOfPage\":{\"@id\":\"https:\/\/refan-lublin.pl\/index.php\/2024\/08\/22\/techniki-makijazu-dla-profesjonalistow-krok-po-kroku\/\"},\"wordCount\":1410,\"publisher\":{\"@id\":\"https:\/\/refan-lublin.pl\/#organization\"},\"articleSection\":[\"Profesjonalna Kosmetyka\"],\"inLanguage\":\"pl-PL\"},{\"@type\":\"WebPage\",\"@id\":\"https:\/\/refan-lublin.pl\/index.php\/2024\/08\/22\/techniki-makijazu-dla-profesjonalistow-krok-po-kroku\/\",\"url\":\"https:\/\/refan-lublin.pl\/index.php\/2024\/08\/22\/techniki-makijazu-dla-profesjonalistow-krok-po-kroku\/\",\"name\":\"Techniki makija\u017cu dla profesjonalist\u00f3w: Krok po kroku - Tajemnice Piel\u0119gnacji\",\"isPartOf\":{\"@id\":\"https:\/\/refan-lublin.pl\/#website\"},\"datePublished\":\"2024-08-22T19:12:42+00:00\",\"dateModified\":\"2024-08-22T19:12:42+00:00\",\"breadcrumb\":{\"@id\":\"https:\/\/refan-lublin.pl\/index.php\/2024\/08\/22\/techniki-makijazu-dla-profesjonalistow-krok-po-kroku\/#breadcrumb\"},\"inLanguage\":\"pl-PL\",\"potentialAction\":[{\"@type\":\"ReadAction\",\"target\":[\"https:\/\/refan-lublin.pl\/index.php\/2024\/08\/22\/techniki-makijazu-dla-profesjonalistow-krok-po-kroku\/\"]}]},{\"@type\":\"BreadcrumbList\",\"@id\":\"https:\/\/refan-lublin.pl\/index.php\/2024\/08\/22\/techniki-makijazu-dla-profesjonalistow-krok-po-kroku\/#breadcrumb\",\"itemListElement\":[{\"@type\":\"ListItem\",\"position\":1,\"name\":\"Strona g\u0142\u00f3wna\",\"item\":\"https:\/\/refan-lublin.pl\/\"},{\"@type\":\"ListItem\",\"position\":2,\"name\":\"Techniki makija\u017cu dla profesjonalist\u00f3w: Krok po kroku\"}]},{\"@type\":\"WebSite\",\"@id\":\"https:\/\/refan-lublin.pl\/#website\",\"url\":\"https:\/\/refan-lublin.pl\/\",\"name\":\"Tajemnice Piel\u0119gnacji\",\"description\":\"\",\"publisher\":{\"@id\":\"https:\/\/refan-lublin.pl\/#organization\"},\"potentialAction\":[{\"@type\":\"SearchAction\",\"target\":{\"@type\":\"EntryPoint\",\"urlTemplate\":\"https:\/\/refan-lublin.pl\/?s={search_term_string}\"},\"query-input\":\"required name=search_term_string\"}],\"inLanguage\":\"pl-PL\"},{\"@type\":\"Organization\",\"@id\":\"https:\/\/refan-lublin.pl\/#organization\",\"name\":\"Tajemnice Piel\u0119gnacji\",\"url\":\"https:\/\/refan-lublin.pl\/\",\"logo\":{\"@type\":\"ImageObject\",\"inLanguage\":\"pl-PL\",\"@id\":\"https:\/\/refan-lublin.pl\/#\/schema\/logo\/image\/\",\"url\":\"https:\/\/refan-lublin.pl\/wp-content\/uploads\/2024\/10\/tajemnice-pielgnacji-high-resolution-logo-transparent.png\",\"contentUrl\":\"https:\/\/refan-lublin.pl\/wp-content\/uploads\/2024\/10\/tajemnice-pielgnacji-high-resolution-logo-transparent.png\",\"width\":2000,\"height\":1261,\"caption\":\"Tajemnice Piel\u0119gnacji\"},\"image\":{\"@id\":\"https:\/\/refan-lublin.pl\/#\/schema\/logo\/image\/\"}},{\"@type\":\"Person\",\"@id\":\"https:\/\/refan-lublin.pl\/#\/schema\/person\/b601220824c73ecebc8d823ae717c131\",\"name\":\"admin\",\"image\":{\"@type\":\"ImageObject\",\"inLanguage\":\"pl-PL\",\"@id\":\"https:\/\/refan-lublin.pl\/#\/schema\/person\/image\/\",\"url\":\"https:\/\/secure.gravatar.com\/avatar\/20f9971feab45143e013bdc999a9ec561b2b4cea2f903352b96d2e1fd8a2655e?s=96&d=mm&r=g\",\"contentUrl\":\"https:\/\/secure.gravatar.com\/avatar\/20f9971feab45143e013bdc999a9ec561b2b4cea2f903352b96d2e1fd8a2655e?s=96&d=mm&r=g\",\"caption\":\"admin\"},\"sameAs\":[\"https:\/\/refan-lublin.pl\"],\"url\":\"https:\/\/refan-lublin.pl\/index.php\/author\/admin\/\"}]}<\/script>\n<!-- \/ Yoast SEO plugin. -->","yoast_head_json":{"title":"Techniki makija\u017cu dla profesjonalist\u00f3w: Krok po kroku - Tajemnice Piel\u0119gnacji","robots":{"index":"index","follow":"follow","max-snippet":"max-snippet:-1","max-image-preview":"max-image-preview:large","max-video-preview":"max-video-preview:-1"},"canonical":"https:\/\/refan-lublin.pl\/index.php\/2024\/08\/22\/techniki-makijazu-dla-profesjonalistow-krok-po-kroku\/","og_locale":"pl_PL","og_type":"article","og_title":"Techniki makija\u017cu dla profesjonalist\u00f3w: Krok po kroku - Tajemnice Piel\u0119gnacji","og_description":"Artyku\u0142 przedstawia klasyczn\u0105 technik\u0119 konturowania twarzy, kt\u00f3ra jest popularnym sposobem modelowania naturalnych rys\u00f3w za pomoc\u0105 makija\u017cu. Opisany jest pi\u0119ciokrokowy proces, zaczynaj\u0105c od przygotowania sk\u00f3ry, poprzez konturowanie jasnym i ciemnym podk\u0142adem, a\u017c do rozblendowania i ustalenia makija\u017cu. Artyku\u0142 zach\u0119ca do nauki tej techniki, podkre\u015blaj\u0105c mo\u017cliwo\u015b\u0107 uzyskania tr\u00f3jwymiarowego efektu i eksponowania naturalnych rys\u00f3w twarzy. Ponadto, omawiana jest tak\u017ce technika wykorzystania korektora do idealnego wyg\u0142adzenia sk\u00f3ry, podaj\u0105c wskaz\u00f3wki dotycz\u0105ce doboru korektora i sposobu aplikacji. Na ko\u0144cu, artyku\u0142 prezentuje techniki podkre\u015blania naturalnego pi\u0119kna oczu, podkre\u015blaj\u0105c wag\u0119 przygotowania powiek i delikatnego cienia do powiek. Ostatecznie, artyku\u0142 zach\u0119ca do g\u0142\u0119bszego zapoznania si\u0119 z tematem, obiecuj\u0105c mo\u017cliwo\u015b\u0107 osi\u0105gni\u0119cia perfekcyjnego makija\u017cu dzi\u0119ki om\u00f3wionym technikom.","og_url":"https:\/\/refan-lublin.pl\/index.php\/2024\/08\/22\/techniki-makijazu-dla-profesjonalistow-krok-po-kroku\/","og_site_name":"Tajemnice Piel\u0119gnacji","article_published_time":"2024-08-22T19:12:42+00:00","author":"admin","twitter_card":"summary_large_image","twitter_misc":{"Napisane przez":"admin","Szacowany czas czytania":"7 minut"},"schema":{"@context":"https:\/\/schema.org","@graph":[{"@type":"Article","@id":"https:\/\/refan-lublin.pl\/index.php\/2024\/08\/22\/techniki-makijazu-dla-profesjonalistow-krok-po-kroku\/#article","isPartOf":{"@id":"https:\/\/refan-lublin.pl\/index.php\/2024\/08\/22\/techniki-makijazu-dla-profesjonalistow-krok-po-kroku\/"},"author":{"name":"admin","@id":"https:\/\/refan-lublin.pl\/#\/schema\/person\/b601220824c73ecebc8d823ae717c131"},"headline":"Techniki makija\u017cu dla profesjonalist\u00f3w: Krok po kroku","datePublished":"2024-08-22T19:12:42+00:00","dateModified":"2024-08-22T19:12:42+00:00","mainEntityOfPage":{"@id":"https:\/\/refan-lublin.pl\/index.php\/2024\/08\/22\/techniki-makijazu-dla-profesjonalistow-krok-po-kroku\/"},"wordCount":1410,"publisher":{"@id":"https:\/\/refan-lublin.pl\/#organization"},"articleSection":["Profesjonalna Kosmetyka"],"inLanguage":"pl-PL"},{"@type":"WebPage","@id":"https:\/\/refan-lublin.pl\/index.php\/2024\/08\/22\/techniki-makijazu-dla-profesjonalistow-krok-po-kroku\/","url":"https:\/\/refan-lublin.pl\/index.php\/2024\/08\/22\/techniki-makijazu-dla-profesjonalistow-krok-po-kroku\/","name":"Techniki makija\u017cu dla profesjonalist\u00f3w: Krok po kroku - Tajemnice Piel\u0119gnacji","isPartOf":{"@id":"https:\/\/refan-lublin.pl\/#website"},"datePublished":"2024-08-22T19:12:42+00:00","dateModified":"2024-08-22T19:12:42+00:00","breadcrumb":{"@id":"https:\/\/refan-lublin.pl\/index.php\/2024\/08\/22\/techniki-makijazu-dla-profesjonalistow-krok-po-kroku\/#breadcrumb"},"inLanguage":"pl-PL","potentialAction":[{"@type":"ReadAction","target":["https:\/\/refan-lublin.pl\/index.php\/2024\/08\/22\/techniki-makijazu-dla-profesjonalistow-krok-po-kroku\/"]}]},{"@type":"BreadcrumbList","@id":"https:\/\/refan-lublin.pl\/index.php\/2024\/08\/22\/techniki-makijazu-dla-profesjonalistow-krok-po-kroku\/#breadcrumb","itemListElement":[{"@type":"ListItem","position":1,"name":"Strona g\u0142\u00f3wna","item":"https:\/\/refan-lublin.pl\/"},{"@type":"ListItem","position":2,"name":"Techniki makija\u017cu dla profesjonalist\u00f3w: Krok po kroku"}]},{"@type":"WebSite","@id":"https:\/\/refan-lublin.pl\/#website","url":"https:\/\/refan-lublin.pl\/","name":"Tajemnice Piel\u0119gnacji","description":"","publisher":{"@id":"https:\/\/refan-lublin.pl\/#organization"},"potentialAction":[{"@type":"SearchAction","target":{"@type":"EntryPoint","urlTemplate":"https:\/\/refan-lublin.pl\/?s={search_term_string}"},"query-input":"required name=search_term_string"}],"inLanguage":"pl-PL"},{"@type":"Organization","@id":"https:\/\/refan-lublin.pl\/#organization","name":"Tajemnice Piel\u0119gnacji","url":"https:\/\/refan-lublin.pl\/","logo":{"@type":"ImageObject","inLanguage":"pl-PL","@id":"https:\/\/refan-lublin.pl\/#\/schema\/logo\/image\/","url":"https:\/\/refan-lublin.pl\/wp-content\/uploads\/2024\/10\/tajemnice-pielgnacji-high-resolution-logo-transparent.png","contentUrl":"https:\/\/refan-lublin.pl\/wp-content\/uploads\/2024\/10\/tajemnice-pielgnacji-high-resolution-logo-transparent.png","width":2000,"height":1261,"caption":"Tajemnice Piel\u0119gnacji"},"image":{"@id":"https:\/\/refan-lublin.pl\/#\/schema\/logo\/image\/"}},{"@type":"Person","@id":"https:\/\/refan-lublin.pl\/#\/schema\/person\/b601220824c73ecebc8d823ae717c131","name":"admin","image":{"@type":"ImageObject","inLanguage":"pl-PL","@id":"https:\/\/refan-lublin.pl\/#\/schema\/person\/image\/","url":"https:\/\/secure.gravatar.com\/avatar\/20f9971feab45143e013bdc999a9ec561b2b4cea2f903352b96d2e1fd8a2655e?s=96&d=mm&r=g","contentUrl":"https:\/\/secure.gravatar.com\/avatar\/20f9971feab45143e013bdc999a9ec561b2b4cea2f903352b96d2e1fd8a2655e?s=96&d=mm&r=g","caption":"admin"},"sameAs":["https:\/\/refan-lublin.pl"],"url":"https:\/\/refan-lublin.pl\/index.php\/author\/admin\/"}]}},"_links":{"self":[{"href":"https:\/\/refan-lublin.pl\/index.php\/wp-json\/wp\/v2\/posts\/81","targetHints":{"allow":["GET"]}}],"collection":[{"href":"https:\/\/refan-lublin.pl\/index.php\/wp-json\/wp\/v2\/posts"}],"about":[{"href":"https:\/\/refan-lublin.pl\/index.php\/wp-json\/wp\/v2\/types\/post"}],"author":[{"embeddable":true,"href":"https:\/\/refan-lublin.pl\/index.php\/wp-json\/wp\/v2\/users\/1"}],"replies":[{"embeddable":true,"href":"https:\/\/refan-lublin.pl\/index.php\/wp-json\/wp\/v2\/comments?post=81"}],"version-history":[{"count":0,"href":"https:\/\/refan-lublin.pl\/index.php\/wp-json\/wp\/v2\/posts\/81\/revisions"}],"wp:featuredmedia":[{"embeddable":true,"href":"https:\/\/refan-lublin.pl\/index.php\/wp-json\/wp\/v2\/media\/80"}],"wp:attachment":[{"href":"https:\/\/refan-lublin.pl\/index.php\/wp-json\/wp\/v2\/media?parent=81"}],"wp:term":[{"taxonomy":"category","embeddable":true,"href":"https:\/\/refan-lublin.pl\/index.php\/wp-json\/wp\/v2\/categories?post=81"},{"taxonomy":"post_tag","embeddable":true,"href":"https:\/\/refan-lublin.pl\/index.php\/wp-json\/wp\/v2\/tags?post=81"}],"curies":[{"name":"wp","href":"https:\/\/api.w.org\/{rel}","templated":true}]}}