{"id":65,"date":"2024-06-19T06:31:58","date_gmt":"2024-06-19T04:31:58","guid":{"rendered":"https:\/\/refan-lublin.pl\/index.php\/2024\/06\/19\/5-najgoretszych-trendow-makijazu-na-sezon-wiosna-lato-2021\/"},"modified":"2024-06-19T06:31:58","modified_gmt":"2024-06-19T04:31:58","slug":"5-najgoretszych-trendow-makijazu-na-sezon-wiosna-lato-2021","status":"publish","type":"post","link":"https:\/\/refan-lublin.pl\/index.php\/2024\/06\/19\/5-najgoretszych-trendow-makijazu-na-sezon-wiosna-lato-2021\/","title":{"rendered":"5 najgor\u0119tszych trend\u00f3w makija\u017cu na sezon wiosna-lato 2021"},"content":{"rendered":"<h2>Pi\u0119kno naturalne: makija\u017c bez makija\u017cu<\/h2>\n<p>W sezonie wiosna-lato 2021 obserwujemy dominacj\u0119 trendu pi\u0119kna naturalnego, zw\u0142aszcza w kontek\u015bcie makija\u017cu. W tym nurcie, popularny jest makija\u017c bez makija\u017cu, kt\u00f3ry podkre\u015bla naturalne pi\u0119kno, jednocze\u015bnie nie zakrywaj\u0105c cech twarzy, lecz nadaj\u0105cy im delikatny, zdrowy blask. Jednym z kluczowych element\u00f3w tego trendu jest sk\u00f3ra wygl\u0105daj\u0105ca jakby nie by\u0142a poddana obr\u00f3bce kosmetycznej. Do osi\u0105gni\u0119cia tego efektu wykorzystuje si\u0119 lekkie podk\u0142ady, kt\u00f3re pozwalaj\u0105 sk\u00f3rze swobodnie oddycha\u0107, a tak\u017ce transparentne pudry, kt\u00f3re kontroluj\u0105 nadmiar po\u0142ysku, niezakrywaj\u0105c naturalnego blasku. Wa\u017cnym krokiem jest r\u00f3wnie\u017c delikatne podkre\u015blenie brwi, aby doda\u0107 wyrazisto\u015bci spojrzeniu, nie przesadzaj\u0105c z ich zag\u0119szczeniem czy definiowaniem. Makija\u017c bez makija\u017cu wychodzi naprzeciw trendowi naturalnego pi\u0119kna, promuj\u0105c prostot\u0119 i subtelno\u015b\u0107.<\/p>\n<h2>Graficzny eyeliner: odwa\u017cne kreacje na powiece<\/h2>\n<p>\nGraficzny eyeliner wraz z odwa\u017cnymi kreacjami na powiece to jedna z najgor\u0119tszych trend\u00f3w makija\u017cowych na sezon wiosna-lato 2021. Ten nowoczesny i ekstrawagancki styl makija\u017cu opanuje ulice oraz platformy social media, przynosz\u0105c ze sob\u0105 odrobin\u0119 szale\u0144stwa i kreatywno\u015bci. Graficzny eyeliner to nie tylko tradycyjna kreska na powiece. To tak\u017ce precyzyjne linie, abstrakcyjne wzory i geometryczne figury, kt\u00f3re nadaj\u0105 spojrzeniu nowoczesny charakter.<br \/>\nW sezonie wiosna-lato 2021 graficzny eyeliner jest synonimem odwagi i wyrazisto\u015bci. Mo\u017cemy zdoby\u0107 inspiracje z pokaz\u00f3w mody takich marek jak Dior czy Saint Laurent, gdzie artystyczne kreacje na powiekach by\u0142y jednym z g\u0142\u00f3wnych element\u00f3w looku. \u017bar\u00f3wka nad powiek\u0105, kolorowe graficzne kszta\u0142ty czy asymetryczne linie &#8211; to tylko niekt\u00f3re z propozycji dla odwa\u017cnych mi\u0142o\u015bniczek makija\u017cu.<br \/>\nSposobem na stworzenie idealnego graficznego eyeliner&#8217;a jest zastosowanie precyzyjnych liner\u00f3w w p\u0142ynie, \u017celu lub w kredce, kt\u00f3re umo\u017cliwi\u0105 nam tworzenie precyzyjnych linii o r\u00f3\u017cnych grubo\u015bciach. Dodatkowo, paleta kolor\u00f3w jest szeroka &#8211; od klasycznych czarnych i br\u0105zowych, przez intensywne niebieskie, zielone czy czerwone. Graficzny eyeliner jest idealnym sposobem na wyra\u017cenie swojej kreatywno\u015bci i eksperymentowanie z makija\u017cem.<br \/>\nWystarczy odrobin\u0119 odwagi, precyzji i wyobra\u017ani, aby wprowadzi\u0107 graficzny eyeliner do codziennej rutyny makija\u017cowej, nadaj\u0105c jej \u015bwie\u017co\u015bci i nowoczesno\u015bci. Wystarczy troch\u0119 praktyki, aby opanowa\u0107 sztuk\u0119 kreowania abstrakcyjnych wzor\u00f3w na powiekach i wywo\u0142a\u0107 zachwyt swojego unikatowego makija\u017cu.<br \/>\nGraficzny eyeliner to trend, kt\u00f3ry zach\u0119ca do wyra\u017cania siebie poprzez sztuk\u0119 makija\u017cu, pozwalaj\u0105c ka\u017cdemu znale\u017a\u0107 w\u0142asn\u0105, unikaln\u0105 wersj\u0119 tego odwa\u017cnego i nowoczesnego stylu.\n<\/p>\n<h2>Neonowe akcenty: o\u017cyw swoj\u0105 twarz kolorami<\/h2>\n<p>Wiosna-lato 2021 to czas, kiedy \u015bwiat mody i urody eksploduje kolorami, a neonowe akcenty staj\u0105 si\u0119 jednym z najgor\u0119tszych trend\u00f3w makija\u017cu. Ju\u017c teraz mo\u017cemy zauwa\u017cy\u0107, \u017ce neonowe odcienie staj\u0105 si\u0119 nieod\u0142\u0105czn\u0105 cz\u0119\u015bci\u0105 makija\u017cu, dodaj\u0105c niepowtarzalnego uroku i \u015bwie\u017co\u015bci. Podkre\u015blenie spojrzenia za pomoc\u0105 intensywnych odcieni, takich jak neonowa ziele\u0144, r\u00f3\u017c czy pomara\u0144cz, to doskona\u0142y spos\u00f3b na o\u017cywienie swojej twarzy.<\/p>\n<p>Neonowe akcenty umieszczane s\u0105 przede wszystkim na powiekach, gdzie po\u0142yskuj\u0105c dodaj\u0105 energii i charakteru ca\u0142emu makija\u017cowi. Z kolei neonowe kredki do ust i eyelinery umo\u017cliwiaj\u0105 stworzenie zadziwiaj\u0105cych efekt\u00f3w, pozwalaj\u0105c na wyra\u017cenie siebie poprzez kolor. Warto jednak pami\u0119ta\u0107, \u017ce neonowe akcenty wymagaj\u0105 umiej\u0119tno\u015bci aplikacji, aby uzyska\u0107 po\u017c\u0105dany efekt. Dlatego niezale\u017cnie od tego, czy decydujesz si\u0119 na delikatn\u0105 kresk\u0119, czy odwa\u017cne cieniowanie neonowych kolor\u00f3w, wa\u017cne jest zachowanie balansu.<\/p>\n<p>Neonowe akcenty w makija\u017cu s\u0105 doskona\u0142ym sposobem na eksperymentowanie z kolorem i wyra\u017canie siebie za pomoc\u0105 sztuki makija\u017cu. Bez w\u0105tpienia s\u0105 one nieod\u0142\u0105czn\u0105 cz\u0119\u015bci\u0105 tegorocznych trend\u00f3w i z pewno\u015bci\u0105 pozostan\u0105 popularne w nadchodz\u0105cych sezonach. O\u017cyw swoj\u0105 twarz kolorami i ciesz si\u0119 \u015bwie\u017co\u015bci\u0105 oraz energi\u0105, jakie przynosz\u0105 neonowe akcenty w makija\u017cu na wiosn\u0119-lato 2021.<\/p>\n<h2>B\u0142yszcz\u0105ce usta: glossowy efekt powraca<\/h2>\n<p>W sezonie wiosna-lato 2021 b\u0142yszcz\u0105ce usta s\u0105 na topie! Po latach panowania matowych pomadek do ust, glossowy efekt powraca, gwarantuj\u0105c subtelne, \u015bwie\u017ce i promienne usta. To jedna z najgor\u0119tszych tendencji w makija\u017cu ust w nadchodz\u0105cym sezonie, kt\u00f3r\u0105 warto wypr\u00f3bowa\u0107.<\/p>\n<p>Bez wzgl\u0119du na to, czy preferujesz subtelny b\u0142ysk czy intensywny po\u0142ysk, b\u0142yszcz\u0105ce usta s\u0105 doskona\u0142ym uzupe\u0142nieniem makija\u017cu wiosenno-letnich look\u00f3w. Trend ten pojawia si\u0119 na wybiegach znanych marek kosmetycznych oraz w\u015br\u00f3d influencer\u00f3w i celebryt\u00f3w, co \u015bwiadczy o jego rosn\u0105cej popularno\u015bci.<\/p>\n<p>W tym sezonie warto postawi\u0107 na transparentne b\u0142yszczyki, kt\u00f3re nadadz\u0105 ustom zdrowy i soczy\u015bcie wygl\u0105daj\u0105cy po\u0142ysk. Wci\u0105\u017c modne s\u0105 r\u00f3wnie\u017c delikatne kolory, takie jak r\u00f3\u017cowe czy brzoskwiniowe odcienie, kt\u00f3re doskonale komponuj\u0105 si\u0119 z letnimi stylizacjami. Dla odwa\u017cniejszych os\u00f3b \u015bwietnym wyborem b\u0119d\u0105 b\u0142yszcz\u0105ce pomadki o intensywnych kolorach, takie jak czerwie\u0144 czy fiolet, kt\u00f3re dodadz\u0105 charakteru ca\u0142ej stylizacji.<\/p>\n<p>Aby osi\u0105gn\u0105\u0107 idealny glossowy efekt, warto zadba\u0107 o odpowiednie przygotowanie ust \u2013 peeling i nawil\u017cenie s\u0105 kluczowe, aby b\u0142yszczyk pi\u0119knie si\u0119 prezentowa\u0142. Dodatkowo, mo\u017cesz zdecydowa\u0107 si\u0119 na konturowanie ust i u\u017cywanie liner\u00f3w, aby usta wygl\u0105da\u0142y jeszcze pe\u0142niej i kusz\u0105co. <\/p>\n<p>Podsumowuj\u0105c, b\u0142yszcz\u0105ce usta to niezaprzeczalny hit sezonu wiosna-lato 2021. Dzi\u0119ki nim ka\u017cdy makija\u017c nabierze \u015bwie\u017co\u015bci i lekko\u015bci, a Ty b\u0119dziesz wygl\u0105da\u0107 promiennie i modnie. Nie wahaj si\u0119 eksperymentowa\u0107 z r\u00f3\u017cnymi kolorami i teksturami b\u0142yszczyk\u00f3w \u2013 to doskona\u0142y spos\u00f3b, aby urozmaici\u0107 letnie looki i podkre\u015bli\u0107 swoj\u0105 urod\u0119.<\/p>\n<h2>Markizy w pastelowych odcieniach: delikatno\u015b\u0107 i \u015bwie\u017co\u015b\u0107 na ustach<\/h2>\n<p>W sezonie wiosna-lato 2021 w\u015br\u00f3d najgor\u0119tszych trend\u00f3w makija\u017cu markiza w pastelowych odcieniach odgrywa istotn\u0105 rol\u0119. Delikatno\u015b\u0107 i \u015bwie\u017co\u015b\u0107 na ustach to cechy, kt\u00f3re podbijaj\u0105 serca mi\u0142o\u015bniczek makija\u017cu. Markiza w pastelowych tonacjach to idealny wyb\u00f3r, je\u015bli chcesz podkre\u015bli\u0107 swoje usta, ale jednocze\u015bnie utrzyma\u0107 subtelny i naturalny wygl\u0105d. Odcienie r\u00f3\u017cu, brzoskwini i lawendy z pewno\u015bci\u0105 dodadz\u0105 Twojemu makija\u017cowi romantycznego wyrazu, kt\u00f3ry doskonale komponuje si\u0119 z letnimi stylizacjami. Ten trend nie tylko podkre\u015bla usta, ale tak\u017ce dodaje ca\u0142ej twarzy \u015bwie\u017cy, dziewcz\u0119cy urok. Markiza w pastelowych odcieniach jest doskona\u0142ym wyborem na ciep\u0142e dni, gdy chcesz wygl\u0105da\u0107 subtelnie i promiennie.<\/p>\n<h2>Roz\u015bwietlona sk\u00f3ra: efekt zdrowego blasku<\/h2>\n<p>\nW sezonie wiosna-lato 2021 nie mo\u017cna przegapi\u0107 jednego z najgor\u0119tszych trend\u00f3w w makija\u017cu &#8211; roz\u015bwietlona sk\u00f3ra. Efekt zdrowego blasku, kt\u00f3ry podkre\u015bla naturalne pi\u0119kno, dominuje na wybiegach i zyskuje coraz wi\u0119ksz\u0105 popularno\u015b\u0107 w codziennym makija\u017cu. Jak osi\u0105gn\u0105\u0107 ten efekt? Odpowiedzi\u0105 s\u0105 produkty do makija\u017cu, kt\u00f3re pomagaj\u0105 uzyska\u0107 promienny wygl\u0105d sk\u00f3ry.\n<\/p>\n<p>\nPodstaw\u0105 roz\u015bwietlenia sk\u00f3ry jest odpowiednio dobrany podk\u0142ad, kt\u00f3ry zapewnia naturalne krycie i efekt drugiej sk\u00f3ry. Mo\u017cna r\u00f3wnie\u017c si\u0119gn\u0105\u0107 po fluidy roz\u015bwietlaj\u0105ce, kt\u00f3re dodaj\u0105 sk\u00f3rze promiennego blasku. Kolejnym niezast\u0105pionym elementem jest highlighter &#8211; kosmetyk, kt\u00f3ry aplikuje si\u0119 na ko\u015bci policzkowe, \u0142uk kupidyna, nos i \u0142uk brwiowy, aby odbi\u0107 \u015bwiat\u0142o i podkre\u015bli\u0107 rysy twarzy. Jednak kluczem do osi\u0105gni\u0119cia idealnego efektu jest umiarkowanie &#8211; subtelne roz\u015bwietlenie dodaje \u015bwie\u017co\u015bci, podczas gdy nadmiar mo\u017ce sprawi\u0107, \u017ce sk\u00f3ra b\u0119dzie wygl\u0105da\u0142a przesadnie b\u0142yszcz\u0105ca.\n<\/p>\n<p>\nRoz\u015bwietlona sk\u00f3ra to r\u00f3wnie\u017c wybawienie dla os\u00f3b o suchym typie cery, poniewa\u017c dodaje ona naturalnego blasku i nawil\u017ca wygl\u0105d sk\u00f3ry. Trend ten doskonale wpisuje si\u0119 w filozofi\u0119 naturalnego makija\u017cu, kt\u00f3ry podkre\u015bla unikalne cechy ka\u017cdej osoby, nie zakrywaj\u0105c jej naturalnego pi\u0119kna. Dzi\u0119ki temu makija\u017c jest nie tylko modny, ale r\u00f3wnie\u017c przyjazny dla sk\u00f3ry.<\/p>\n","protected":false},"excerpt":{"rendered":"<p>W sezonie wiosna-lato 2021 obserwujemy dominacj\u0119 trendu pi\u0119kna naturalnego, zw\u0142aszcza w kontek\u015bcie makija\u017cu. Makija\u017c bez makija\u017cu podkre\u015bla naturalne pi\u0119kno, przy jednoczesnym zachowaniu delikatno\u015bci. Graficzny eyeliner oraz kolorowe, neonowe akcenty staj\u0105 si\u0119 nieod\u0142\u0105czn\u0105 cz\u0119\u015bci\u0105 tegorocznych trend\u00f3w, dodaj\u0105c \u015bwie\u017co\u015bci i nowoczesno\u015bci do makija\u017cu. Ten artyku\u0142 pomo\u017ce Ci odkry\u0107, jak osi\u0105gn\u0105\u0107 efekt naturalnego pi\u0119kna oraz eksperymentowa\u0107 z odwa\u017cnymi kreskami i neonowymi akcentami, nadaj\u0105c swojemu makija\u017cowi wyj\u0105tkowy charakter i urok. Niezale\u017cnie od tego, czy jeste\u015b mi\u0142o\u015bniczk\u0105 lekkiego makija\u017cu czy odwa\u017cnych, kolorowych kreacji, artyku\u0142 ten z pewno\u015bci\u0105 dostarczy Ci niezwyk\u0142ych inspiracji, aby odkry\u0107 nowe mo\u017cliwo\u015bci wyra\u017cania siebie przez sztuk\u0119 makija\u017cu.<\/p>\n","protected":false},"author":1,"featured_media":64,"comment_status":"closed","ping_status":"open","sticky":false,"template":"","format":"standard","meta":{"footnotes":""},"categories":[85],"tags":[],"class_list":["post-65","post","type-post","status-publish","format-standard","has-post-thumbnail","hentry","category-trendy-makijazu"],"yoast_head":"<!-- This site is optimized with the Yoast SEO plugin v20.10 - https:\/\/yoast.com\/wordpress\/plugins\/seo\/ -->\n<title>5 najgor\u0119tszych trend\u00f3w makija\u017cu na sezon wiosna-lato 2021 - Tajemnice Piel\u0119gnacji<\/title>\n<meta name=\"robots\" content=\"index, follow, max-snippet:-1, max-image-preview:large, max-video-preview:-1\" \/>\n<link rel=\"canonical\" href=\"https:\/\/refan-lublin.pl\/index.php\/2024\/06\/19\/5-najgoretszych-trendow-makijazu-na-sezon-wiosna-lato-2021\/\" \/>\n<meta property=\"og:locale\" content=\"pl_PL\" \/>\n<meta property=\"og:type\" content=\"article\" \/>\n<meta property=\"og:title\" content=\"5 najgor\u0119tszych trend\u00f3w makija\u017cu na sezon wiosna-lato 2021 - Tajemnice Piel\u0119gnacji\" \/>\n<meta property=\"og:description\" content=\"W sezonie wiosna-lato 2021 obserwujemy dominacj\u0119 trendu pi\u0119kna naturalnego, zw\u0142aszcza w kontek\u015bcie makija\u017cu. Makija\u017c bez makija\u017cu podkre\u015bla naturalne pi\u0119kno, przy jednoczesnym zachowaniu delikatno\u015bci. Graficzny eyeliner oraz kolorowe, neonowe akcenty staj\u0105 si\u0119 nieod\u0142\u0105czn\u0105 cz\u0119\u015bci\u0105 tegorocznych trend\u00f3w, dodaj\u0105c \u015bwie\u017co\u015bci i nowoczesno\u015bci do makija\u017cu. Ten artyku\u0142 pomo\u017ce Ci odkry\u0107, jak osi\u0105gn\u0105\u0107 efekt naturalnego pi\u0119kna oraz eksperymentowa\u0107 z odwa\u017cnymi kreskami i neonowymi akcentami, nadaj\u0105c swojemu makija\u017cowi wyj\u0105tkowy charakter i urok. Niezale\u017cnie od tego, czy jeste\u015b mi\u0142o\u015bniczk\u0105 lekkiego makija\u017cu czy odwa\u017cnych, kolorowych kreacji, artyku\u0142 ten z pewno\u015bci\u0105 dostarczy Ci niezwyk\u0142ych inspiracji, aby odkry\u0107 nowe mo\u017cliwo\u015bci wyra\u017cania siebie przez sztuk\u0119 makija\u017cu.\" \/>\n<meta property=\"og:url\" content=\"https:\/\/refan-lublin.pl\/index.php\/2024\/06\/19\/5-najgoretszych-trendow-makijazu-na-sezon-wiosna-lato-2021\/\" \/>\n<meta property=\"og:site_name\" content=\"Tajemnice Piel\u0119gnacji\" \/>\n<meta property=\"article:published_time\" content=\"2024-06-19T04:31:58+00:00\" \/>\n<meta name=\"author\" content=\"admin\" \/>\n<meta name=\"twitter:card\" content=\"summary_large_image\" \/>\n<meta name=\"twitter:label1\" content=\"Napisane przez\" \/>\n\t<meta name=\"twitter:data1\" content=\"admin\" \/>\n\t<meta name=\"twitter:label2\" content=\"Szacowany czas czytania\" \/>\n\t<meta name=\"twitter:data2\" content=\"7 minut\" \/>\n<script type=\"application\/ld+json\" class=\"yoast-schema-graph\">{\"@context\":\"https:\/\/schema.org\",\"@graph\":[{\"@type\":\"Article\",\"@id\":\"https:\/\/refan-lublin.pl\/index.php\/2024\/06\/19\/5-najgoretszych-trendow-makijazu-na-sezon-wiosna-lato-2021\/#article\",\"isPartOf\":{\"@id\":\"https:\/\/refan-lublin.pl\/index.php\/2024\/06\/19\/5-najgoretszych-trendow-makijazu-na-sezon-wiosna-lato-2021\/\"},\"author\":{\"name\":\"admin\",\"@id\":\"https:\/\/refan-lublin.pl\/#\/schema\/person\/b601220824c73ecebc8d823ae717c131\"},\"headline\":\"5 najgor\u0119tszych trend\u00f3w makija\u017cu na sezon wiosna-lato 2021\",\"datePublished\":\"2024-06-19T04:31:58+00:00\",\"dateModified\":\"2024-06-19T04:31:58+00:00\",\"mainEntityOfPage\":{\"@id\":\"https:\/\/refan-lublin.pl\/index.php\/2024\/06\/19\/5-najgoretszych-trendow-makijazu-na-sezon-wiosna-lato-2021\/\"},\"wordCount\":1334,\"publisher\":{\"@id\":\"https:\/\/refan-lublin.pl\/#organization\"},\"articleSection\":[\"Trendy Makija\u017cu\"],\"inLanguage\":\"pl-PL\"},{\"@type\":\"WebPage\",\"@id\":\"https:\/\/refan-lublin.pl\/index.php\/2024\/06\/19\/5-najgoretszych-trendow-makijazu-na-sezon-wiosna-lato-2021\/\",\"url\":\"https:\/\/refan-lublin.pl\/index.php\/2024\/06\/19\/5-najgoretszych-trendow-makijazu-na-sezon-wiosna-lato-2021\/\",\"name\":\"5 najgor\u0119tszych trend\u00f3w makija\u017cu na sezon wiosna-lato 2021 - Tajemnice Piel\u0119gnacji\",\"isPartOf\":{\"@id\":\"https:\/\/refan-lublin.pl\/#website\"},\"datePublished\":\"2024-06-19T04:31:58+00:00\",\"dateModified\":\"2024-06-19T04:31:58+00:00\",\"breadcrumb\":{\"@id\":\"https:\/\/refan-lublin.pl\/index.php\/2024\/06\/19\/5-najgoretszych-trendow-makijazu-na-sezon-wiosna-lato-2021\/#breadcrumb\"},\"inLanguage\":\"pl-PL\",\"potentialAction\":[{\"@type\":\"ReadAction\",\"target\":[\"https:\/\/refan-lublin.pl\/index.php\/2024\/06\/19\/5-najgoretszych-trendow-makijazu-na-sezon-wiosna-lato-2021\/\"]}]},{\"@type\":\"BreadcrumbList\",\"@id\":\"https:\/\/refan-lublin.pl\/index.php\/2024\/06\/19\/5-najgoretszych-trendow-makijazu-na-sezon-wiosna-lato-2021\/#breadcrumb\",\"itemListElement\":[{\"@type\":\"ListItem\",\"position\":1,\"name\":\"Strona g\u0142\u00f3wna\",\"item\":\"https:\/\/refan-lublin.pl\/\"},{\"@type\":\"ListItem\",\"position\":2,\"name\":\"5 najgor\u0119tszych trend\u00f3w makija\u017cu na sezon wiosna-lato 2021\"}]},{\"@type\":\"WebSite\",\"@id\":\"https:\/\/refan-lublin.pl\/#website\",\"url\":\"https:\/\/refan-lublin.pl\/\",\"name\":\"Tajemnice Piel\u0119gnacji\",\"description\":\"\",\"publisher\":{\"@id\":\"https:\/\/refan-lublin.pl\/#organization\"},\"potentialAction\":[{\"@type\":\"SearchAction\",\"target\":{\"@type\":\"EntryPoint\",\"urlTemplate\":\"https:\/\/refan-lublin.pl\/?s={search_term_string}\"},\"query-input\":\"required name=search_term_string\"}],\"inLanguage\":\"pl-PL\"},{\"@type\":\"Organization\",\"@id\":\"https:\/\/refan-lublin.pl\/#organization\",\"name\":\"Tajemnice Piel\u0119gnacji\",\"url\":\"https:\/\/refan-lublin.pl\/\",\"logo\":{\"@type\":\"ImageObject\",\"inLanguage\":\"pl-PL\",\"@id\":\"https:\/\/refan-lublin.pl\/#\/schema\/logo\/image\/\",\"url\":\"https:\/\/refan-lublin.pl\/wp-content\/uploads\/2024\/10\/tajemnice-pielgnacji-high-resolution-logo-transparent.png\",\"contentUrl\":\"https:\/\/refan-lublin.pl\/wp-content\/uploads\/2024\/10\/tajemnice-pielgnacji-high-resolution-logo-transparent.png\",\"width\":2000,\"height\":1261,\"caption\":\"Tajemnice Piel\u0119gnacji\"},\"image\":{\"@id\":\"https:\/\/refan-lublin.pl\/#\/schema\/logo\/image\/\"}},{\"@type\":\"Person\",\"@id\":\"https:\/\/refan-lublin.pl\/#\/schema\/person\/b601220824c73ecebc8d823ae717c131\",\"name\":\"admin\",\"image\":{\"@type\":\"ImageObject\",\"inLanguage\":\"pl-PL\",\"@id\":\"https:\/\/refan-lublin.pl\/#\/schema\/person\/image\/\",\"url\":\"https:\/\/secure.gravatar.com\/avatar\/20f9971feab45143e013bdc999a9ec561b2b4cea2f903352b96d2e1fd8a2655e?s=96&d=mm&r=g\",\"contentUrl\":\"https:\/\/secure.gravatar.com\/avatar\/20f9971feab45143e013bdc999a9ec561b2b4cea2f903352b96d2e1fd8a2655e?s=96&d=mm&r=g\",\"caption\":\"admin\"},\"sameAs\":[\"https:\/\/refan-lublin.pl\"],\"url\":\"https:\/\/refan-lublin.pl\/index.php\/author\/admin\/\"}]}<\/script>\n<!-- \/ Yoast SEO plugin. -->","yoast_head_json":{"title":"5 najgor\u0119tszych trend\u00f3w makija\u017cu na sezon wiosna-lato 2021 - Tajemnice Piel\u0119gnacji","robots":{"index":"index","follow":"follow","max-snippet":"max-snippet:-1","max-image-preview":"max-image-preview:large","max-video-preview":"max-video-preview:-1"},"canonical":"https:\/\/refan-lublin.pl\/index.php\/2024\/06\/19\/5-najgoretszych-trendow-makijazu-na-sezon-wiosna-lato-2021\/","og_locale":"pl_PL","og_type":"article","og_title":"5 najgor\u0119tszych trend\u00f3w makija\u017cu na sezon wiosna-lato 2021 - Tajemnice Piel\u0119gnacji","og_description":"W sezonie wiosna-lato 2021 obserwujemy dominacj\u0119 trendu pi\u0119kna naturalnego, zw\u0142aszcza w kontek\u015bcie makija\u017cu. Makija\u017c bez makija\u017cu podkre\u015bla naturalne pi\u0119kno, przy jednoczesnym zachowaniu delikatno\u015bci. Graficzny eyeliner oraz kolorowe, neonowe akcenty staj\u0105 si\u0119 nieod\u0142\u0105czn\u0105 cz\u0119\u015bci\u0105 tegorocznych trend\u00f3w, dodaj\u0105c \u015bwie\u017co\u015bci i nowoczesno\u015bci do makija\u017cu. Ten artyku\u0142 pomo\u017ce Ci odkry\u0107, jak osi\u0105gn\u0105\u0107 efekt naturalnego pi\u0119kna oraz eksperymentowa\u0107 z odwa\u017cnymi kreskami i neonowymi akcentami, nadaj\u0105c swojemu makija\u017cowi wyj\u0105tkowy charakter i urok. Niezale\u017cnie od tego, czy jeste\u015b mi\u0142o\u015bniczk\u0105 lekkiego makija\u017cu czy odwa\u017cnych, kolorowych kreacji, artyku\u0142 ten z pewno\u015bci\u0105 dostarczy Ci niezwyk\u0142ych inspiracji, aby odkry\u0107 nowe mo\u017cliwo\u015bci wyra\u017cania siebie przez sztuk\u0119 makija\u017cu.","og_url":"https:\/\/refan-lublin.pl\/index.php\/2024\/06\/19\/5-najgoretszych-trendow-makijazu-na-sezon-wiosna-lato-2021\/","og_site_name":"Tajemnice Piel\u0119gnacji","article_published_time":"2024-06-19T04:31:58+00:00","author":"admin","twitter_card":"summary_large_image","twitter_misc":{"Napisane przez":"admin","Szacowany czas czytania":"7 minut"},"schema":{"@context":"https:\/\/schema.org","@graph":[{"@type":"Article","@id":"https:\/\/refan-lublin.pl\/index.php\/2024\/06\/19\/5-najgoretszych-trendow-makijazu-na-sezon-wiosna-lato-2021\/#article","isPartOf":{"@id":"https:\/\/refan-lublin.pl\/index.php\/2024\/06\/19\/5-najgoretszych-trendow-makijazu-na-sezon-wiosna-lato-2021\/"},"author":{"name":"admin","@id":"https:\/\/refan-lublin.pl\/#\/schema\/person\/b601220824c73ecebc8d823ae717c131"},"headline":"5 najgor\u0119tszych trend\u00f3w makija\u017cu na sezon wiosna-lato 2021","datePublished":"2024-06-19T04:31:58+00:00","dateModified":"2024-06-19T04:31:58+00:00","mainEntityOfPage":{"@id":"https:\/\/refan-lublin.pl\/index.php\/2024\/06\/19\/5-najgoretszych-trendow-makijazu-na-sezon-wiosna-lato-2021\/"},"wordCount":1334,"publisher":{"@id":"https:\/\/refan-lublin.pl\/#organization"},"articleSection":["Trendy Makija\u017cu"],"inLanguage":"pl-PL"},{"@type":"WebPage","@id":"https:\/\/refan-lublin.pl\/index.php\/2024\/06\/19\/5-najgoretszych-trendow-makijazu-na-sezon-wiosna-lato-2021\/","url":"https:\/\/refan-lublin.pl\/index.php\/2024\/06\/19\/5-najgoretszych-trendow-makijazu-na-sezon-wiosna-lato-2021\/","name":"5 najgor\u0119tszych trend\u00f3w makija\u017cu na sezon wiosna-lato 2021 - Tajemnice Piel\u0119gnacji","isPartOf":{"@id":"https:\/\/refan-lublin.pl\/#website"},"datePublished":"2024-06-19T04:31:58+00:00","dateModified":"2024-06-19T04:31:58+00:00","breadcrumb":{"@id":"https:\/\/refan-lublin.pl\/index.php\/2024\/06\/19\/5-najgoretszych-trendow-makijazu-na-sezon-wiosna-lato-2021\/#breadcrumb"},"inLanguage":"pl-PL","potentialAction":[{"@type":"ReadAction","target":["https:\/\/refan-lublin.pl\/index.php\/2024\/06\/19\/5-najgoretszych-trendow-makijazu-na-sezon-wiosna-lato-2021\/"]}]},{"@type":"BreadcrumbList","@id":"https:\/\/refan-lublin.pl\/index.php\/2024\/06\/19\/5-najgoretszych-trendow-makijazu-na-sezon-wiosna-lato-2021\/#breadcrumb","itemListElement":[{"@type":"ListItem","position":1,"name":"Strona g\u0142\u00f3wna","item":"https:\/\/refan-lublin.pl\/"},{"@type":"ListItem","position":2,"name":"5 najgor\u0119tszych trend\u00f3w makija\u017cu na sezon wiosna-lato 2021"}]},{"@type":"WebSite","@id":"https:\/\/refan-lublin.pl\/#website","url":"https:\/\/refan-lublin.pl\/","name":"Tajemnice Piel\u0119gnacji","description":"","publisher":{"@id":"https:\/\/refan-lublin.pl\/#organization"},"potentialAction":[{"@type":"SearchAction","target":{"@type":"EntryPoint","urlTemplate":"https:\/\/refan-lublin.pl\/?s={search_term_string}"},"query-input":"required name=search_term_string"}],"inLanguage":"pl-PL"},{"@type":"Organization","@id":"https:\/\/refan-lublin.pl\/#organization","name":"Tajemnice Piel\u0119gnacji","url":"https:\/\/refan-lublin.pl\/","logo":{"@type":"ImageObject","inLanguage":"pl-PL","@id":"https:\/\/refan-lublin.pl\/#\/schema\/logo\/image\/","url":"https:\/\/refan-lublin.pl\/wp-content\/uploads\/2024\/10\/tajemnice-pielgnacji-high-resolution-logo-transparent.png","contentUrl":"https:\/\/refan-lublin.pl\/wp-content\/uploads\/2024\/10\/tajemnice-pielgnacji-high-resolution-logo-transparent.png","width":2000,"height":1261,"caption":"Tajemnice Piel\u0119gnacji"},"image":{"@id":"https:\/\/refan-lublin.pl\/#\/schema\/logo\/image\/"}},{"@type":"Person","@id":"https:\/\/refan-lublin.pl\/#\/schema\/person\/b601220824c73ecebc8d823ae717c131","name":"admin","image":{"@type":"ImageObject","inLanguage":"pl-PL","@id":"https:\/\/refan-lublin.pl\/#\/schema\/person\/image\/","url":"https:\/\/secure.gravatar.com\/avatar\/20f9971feab45143e013bdc999a9ec561b2b4cea2f903352b96d2e1fd8a2655e?s=96&d=mm&r=g","contentUrl":"https:\/\/secure.gravatar.com\/avatar\/20f9971feab45143e013bdc999a9ec561b2b4cea2f903352b96d2e1fd8a2655e?s=96&d=mm&r=g","caption":"admin"},"sameAs":["https:\/\/refan-lublin.pl"],"url":"https:\/\/refan-lublin.pl\/index.php\/author\/admin\/"}]}},"_links":{"self":[{"href":"https:\/\/refan-lublin.pl\/index.php\/wp-json\/wp\/v2\/posts\/65","targetHints":{"allow":["GET"]}}],"collection":[{"href":"https:\/\/refan-lublin.pl\/index.php\/wp-json\/wp\/v2\/posts"}],"about":[{"href":"https:\/\/refan-lublin.pl\/index.php\/wp-json\/wp\/v2\/types\/post"}],"author":[{"embeddable":true,"href":"https:\/\/refan-lublin.pl\/index.php\/wp-json\/wp\/v2\/users\/1"}],"replies":[{"embeddable":true,"href":"https:\/\/refan-lublin.pl\/index.php\/wp-json\/wp\/v2\/comments?post=65"}],"version-history":[{"count":0,"href":"https:\/\/refan-lublin.pl\/index.php\/wp-json\/wp\/v2\/posts\/65\/revisions"}],"wp:featuredmedia":[{"embeddable":true,"href":"https:\/\/refan-lublin.pl\/index.php\/wp-json\/wp\/v2\/media\/64"}],"wp:attachment":[{"href":"https:\/\/refan-lublin.pl\/index.php\/wp-json\/wp\/v2\/media?parent=65"}],"wp:term":[{"taxonomy":"category","embeddable":true,"href":"https:\/\/refan-lublin.pl\/index.php\/wp-json\/wp\/v2\/categories?post=65"},{"taxonomy":"post_tag","embeddable":true,"href":"https:\/\/refan-lublin.pl\/index.php\/wp-json\/wp\/v2\/tags?post=65"}],"curies":[{"name":"wp","href":"https:\/\/api.w.org\/{rel}","templated":true}]}}