{"id":277,"date":"2025-04-22T12:00:00","date_gmt":"2025-04-22T10:00:00","guid":{"rendered":"https:\/\/refan-lublin.pl\/index.php\/2025\/04\/22\/jak-wybrac-zapach-perfumy-odpowiedni-do-twojego-stylu-i-charakteru-porady-kosmetyczne-i-higieny-osobistej-na-zdrowie-i-urode\/"},"modified":"2025-04-22T12:00:00","modified_gmt":"2025-04-22T10:00:00","slug":"jak-wybrac-zapach-perfumy-odpowiedni-do-twojego-stylu-i-charakteru-porady-kosmetyczne-i-higieny-osobistej-na-zdrowie-i-urode","status":"publish","type":"post","link":"https:\/\/refan-lublin.pl\/index.php\/2025\/04\/22\/jak-wybrac-zapach-perfumy-odpowiedni-do-twojego-stylu-i-charakteru-porady-kosmetyczne-i-higieny-osobistej-na-zdrowie-i-urode\/","title":{"rendered":"Jak wybra\u0107 zapach perfumy odpowiedni do Twojego stylu i charakteru &#8211; porady kosmetyczne i higieny osobistej na zdrowie i urod\u0119"},"content":{"rendered":"<h2>Najlepsze perfumy dla r\u00f3\u017cnych styl\u00f3w i charakter\u00f3w<\/h2>\n<p>Wyb\u00f3r odpowiedniego zapachu perfum mo\u017ce by\u0107 kluczowy, gdy chcemy wyrazi\u0107 nasz styl i charakter. Ka\u017cdy z nas ma inne upodobania zapachowe, dlatego istnieje wiele r\u00f3\u017cnych aromat\u00f3w perfum, kt\u00f3re mo\u017cna dopasowa\u0107 do indywidualnych preferencji. Istnieje r\u00f3wnie\u017c zwi\u0105zek mi\u0119dzy wyborem zapachu a naszym stylem i charakterem. Dlatego tak istotne jest, aby wybra\u0107 perfumy, kt\u00f3re b\u0119d\u0105 odzwierciedla\u0107 nasz\u0105 osobowo\u015b\u0107 i pasowa\u0107 do naszego codziennego \u017cycia.<\/p>\n<p>Je\u015bli jeste\u015b fanem eleganckich i klasycznych styl\u00f3w, najlepszym wyborem mog\u0105 okaza\u0107 si\u0119 perfumy o g\u0142\u0119bokim i zmys\u0142owym aromacie. Tego rodzaju zapachy doskonale wsp\u00f3\u0142graj\u0105 z ponadczasowym stylem i elegancj\u0105. Je\u015bli natomiast preferujesz aktywny tryb \u017cycia i nowoczesne trendy, wybierz perfumy o \u015bwie\u017cym i lekkim zapachu, kt\u00f3re b\u0119d\u0105 idealnie wpisywa\u0107 si\u0119 w tw\u00f3j dynamiczny charakter.<\/p>\n<p>Z kolei mi\u0142o\u015bnicy natury i spokoju b\u0119d\u0105 zachwyceni zapachami inspirowanymi zio\u0142ami, drzewnymi nutami i kwiatami. Takie perfumy doskonale odzwierciedlaj\u0105 wra\u017cliwo\u015b\u0107 i umi\u0142owanie natury. Pami\u0119taj, \u017ce wyb\u00f3r zapachu perfum powinien by\u0107 zgodny z Twoj\u0105 osobowo\u015bci\u0105 oraz stylem, kt\u00f3ry reprezentujesz na co dzie\u0144.<\/p>\n<p>Maj\u0105c na uwadze r\u00f3\u017cnorodno\u015b\u0107 preferencji zapachowych, warto wiedzie\u0107, kt\u00f3re perfumy pasuj\u0105 do r\u00f3\u017cnych styl\u00f3w i charakter\u00f3w. Dzi\u0119ki temu mo\u017cemy wybra\u0107 zapach, kt\u00f3ry b\u0119dzie odpowiada\u0142 naszym oczekiwaniom i podkre\u015bla\u0142 nasz\u0105 indywidualno\u015b\u0107. Odpowiednio dopasowany zapach perfum mo\u017ce bowiem sta\u0107 si\u0119 wizyt\u00f3wk\u0105 naszego stylu i charakteru. Pami\u0119taj, \u017ce wybieraj\u0105c perfumy, zwr\u00f3\u0107 uwag\u0119 na ich sk\u0142ad, trwa\u0142o\u015b\u0107 zapachu i reakcj\u0119 Twojej sk\u00f3ry na poszczeg\u00f3lne nuty zapachowe.<\/p>\n<p>Zapraszamy r\u00f3wnie\u017c do zapoznania si\u0119 z nasz\u0105 ofert\u0105 <a href=\"https:\/\/dotd.pl\/kategoria-produktu\/fotele-z-wysokim-oparciem\/\">fotel wysokie siedzisko<\/a>, kt\u00f3re mog\u0105 by\u0107 idealnym uzupe\u0142nieniem Twojego stylu i charakteru oraz pozwol\u0105 stworzy\u0107 wyj\u0105tkow\u0105 przestrze\u0144 zgodn\u0105 z Twoimi preferencjami estetycznymi.<\/p>\n<h2>Porady dotycz\u0105ce wyboru zapachu, kt\u00f3ry pasuje do Twojej osobowo\u015bci<\/h2>\n<p>\nWybieraj\u0105c zapach perfum, warto wzi\u0105\u0107 pod uwag\u0119 nie tylko swoje osobiste preferencje, ale tak\u017ce sw\u00f3j styl oraz charakter. Odpowiedni zapach mo\u017ce nie tylko podkre\u015bli\u0107 nasz\u0105 osobowo\u015b\u0107, ale tak\u017ce poprawi\u0107 nasze samopoczucie i pewno\u015b\u0107 siebie. Istnieje wiele wskaz\u00f3wek, kt\u00f3re mog\u0105 pom\u00f3c w wyborze perfum dopasowanych do naszej osobowo\u015bci. Warto zacz\u0105\u0107 od zdefiniowania naszego stylu i charakteru. Czy jeste\u015b osob\u0105 aktywn\u0105, energiczn\u0105 i pe\u0142n\u0105 \u017cycia, czy mo\u017ce preferujesz spokojne i stonowane odcienie? Dla os\u00f3b o silnym charakterze poleca si\u0119 intensywne, drapie\u017cne zapachy. Osoby spokojne i delikatne mog\u0105 wybra\u0107 subtelne, kwiatowe kompozycje. Nale\u017cy tak\u017ce bra\u0107 pod uwag\u0119 nasze zainteresowania oraz styl \u017cycia. Osoby aktywne i lubi\u0105ce sport mog\u0105 preferowa\u0107 \u015bwie\u017ce, morskie zapachy, natomiast mi\u0142o\u015bnicy sztuki lub literatury b\u0119d\u0105 bardziej zadowoleni z g\u0142\u0119bokich, zmys\u0142owych kompozycji.\n<\/p>\n<h2>Zdrowe nawyki zwi\u0105zane z wyborem perfum<\/h2>\n<p>\nWyb\u00f3r odpowiedniego zapachu perfum mo\u017ce by\u0107 kluczowy, je\u015bli chcesz wyrazi\u0107 sw\u00f3j styl i osobowo\u015b\u0107. Niekt\u00f3rzy ludzie preferuj\u0105 lekkie i \u015bwie\u017ce zapachy, podczas gdy inni wol\u0105 intensywne i zmys\u0142owe nuty. Odpowiednie perfumy mog\u0105 podkre\u015bla\u0107 Tw\u00f3j charakter, wi\u0119c warto zastanowi\u0107 si\u0119, jakie zapachy b\u0119d\u0105 najlepiej oddawa\u0142y Twoj\u0105 osobowo\u015b\u0107.\n<\/p>\n<p>\nPrzy wyborze perfum warto zwr\u00f3ci\u0107 uwag\u0119 na swoje codzienne nawyki i styl \u017cycia. Je\u015bli prowadzisz aktywny tryb \u017cycia, mo\u017cesz zdecydowa\u0107 si\u0119 na lekkie, \u015bwie\u017ce zapachy, kt\u00f3re nie b\u0119d\u0105 przyt\u0142acza\u0107 w trakcie intensywnego dnia. Natomiast je\u015bli lubisz eleganckie wieczorne wyj\u015bcia, zwr\u00f3\u0107 uwag\u0119 na perfumy z intensywnymi, zmys\u0142owymi nutami, kt\u00f3re b\u0119d\u0105 doskonale pasowa\u0107 do wieczornej stylizacji.\n<\/p>\n<p>\nWa\u017cne jest r\u00f3wnie\u017c, aby dostosowa\u0107 zapach perfum do pory roku. Podczas ciep\u0142ych, letnich dni sprawdz\u0105 si\u0119 lekkie, owocowe i kwiatowe perfumy, podczas gdy zim\u0105 mog\u0105 bardziej przypa\u015b\u0107 Ci do gustu ciep\u0142e, orientalne nuty. Pami\u0119taj r\u00f3wnie\u017c, \u017ce sk\u00f3ra ka\u017cdego cz\u0142owieka ma swoje indywidualne pH, kt\u00f3re mo\u017ce wp\u0142ywa\u0107 na zapach perfum po ich aplikacji.\n<\/p>\n<p>\nOstatecznie, aby znale\u017a\u0107 perfumy, kt\u00f3re najlepiej oddaj\u0105 Tw\u00f3j styl i charakter, niezb\u0119dne jest wypr\u00f3bowanie r\u00f3\u017cnych zapach\u00f3w. Przetestuj kilka pr\u00f3bek perfum, aby odkry\u0107 te, kt\u00f3re idealnie b\u0119d\u0105 wsp\u00f3\u0142gra\u0142y z Twoj\u0105 osobowo\u015bci\u0105 i stylizacj\u0105. Pami\u0119taj, \u017ce wyb\u00f3r odpowiednich perfum mo\u017ce mie\u0107 wp\u0142yw nie tylko na Tw\u00f3j wygl\u0105d, lecz r\u00f3wnie\u017c na Twoje samopoczucie i pewno\u015b\u0107 siebie.\n<\/p>\n<h2>Idealne zdj\u0119cie ilustruj\u0105ce dob\u00f3r zapachu do osobowo\u015bci<\/h2>\n<p>Wyb\u00f3r odpowiedniego zapachu perfum mo\u017ce by\u0107 trudnym zadaniem, zw\u0142aszcza je\u015bli chcemy dopasowa\u0107 go do naszego stylu i osobowo\u015bci. Ka\u017cdy z nas ma swoje preferencje zapachowe, kt\u00f3re mog\u0105 by\u0107 odzwierciedleniem naszego charakteru i stylu \u017cycia. Odpowiednio dobrany zapach mo\u017ce sta\u0107 si\u0119 naszym znakiem rozpoznawczym i uwydatni\u0107 nasz\u0105 osobowo\u015b\u0107. Jak wi\u0119c wybra\u0107 zapach perfumy odpowiedni do naszego stylu i charakteru?<\/p>\n<p>Przede wszystkim, wa\u017cne jest okre\u015blenie naszej osobowo\u015bci i stylu \u017cycia. Czy jeste\u015bmy osobami aktywnymi, lubimy sp\u0119dza\u0107 czas na \u015bwie\u017cym powietrzu, czy te\u017c wolimy wieczorne spotkania w eleganckich restauracjach? Nasz styl \u017cycia powinien by\u0107 odzwierciedlony w zapachu, kt\u00f3ry nosimy. Osoby aktywne mog\u0105 preferowa\u0107 \u015bwie\u017ce, owocowe zapachy, podczas gdy mi\u0142o\u015bnicy wieczornych spotka\u0144 mog\u0105 wybiera\u0107 intensywne, orientalne perfumy.<\/p>\n<p>Kolejnym wa\u017cnym czynnikiem jest nasza osobowo\u015b\u0107. Czy jeste\u015bmy ekstrawertyczni, pewni siebie czy te\u017c bardziej introwertyczni i tajemniczy? Nasz zapach powinien by\u0107 zgodny z naszym charakterem. Osoby pewne siebie mog\u0105 wybiera\u0107 intensywne, zmys\u0142owe zapachy, podczas gdy osoby spokojne i delikatne raczej b\u0119d\u0105 preferowa\u0107 subtelne, kwiatowe perfumy.<\/p>\n<p>Dobieraj\u0105c zapach perfumy warto r\u00f3wnie\u017c wzi\u0105\u0107 pod uwag\u0119 nasze ulubione kolory, style ubioru i preferowane miejsca, w kt\u00f3rych lubimy sp\u0119dza\u0107 czas. Te wszystkie elementy mog\u0105 by\u0107 wskaz\u00f3wk\u0105 przy wyborze perfum, kt\u00f3re b\u0119d\u0105 idealnie pasowa\u0107 do naszego stylu \u017cycia i osobowo\u015bci.<\/p>\n<p>Podsumowuj\u0105c, wybieraj\u0105c zapach perfumy nale\u017cy zwr\u00f3ci\u0107 uwag\u0119 na nasz styl \u017cycia, osobowo\u015b\u0107, ulubione kolory oraz preferowane miejsca. Odpowiednio dobrany zapach mo\u017ce sta\u0107 si\u0119 naszym znakiem rozpoznawczym i uwydatni\u0107 nasz\u0105 osobowo\u015b\u0107. Pami\u0119tajmy, \u017ce perfumy s\u0105 nie tylko dodatkiem do naszego wygl\u0105du, ale tak\u017ce wyra\u017ceniem naszej osobowo\u015bci i charakteru.<\/p>\n","protected":false},"excerpt":{"rendered":"<p>Artyku\u0142 &#8222;Najlepsze perfumy dla r\u00f3\u017cnych styl\u00f3w i charakter\u00f3w&#8221; prezentuje zwi\u0105zek mi\u0119dzy wyborem zapachu a osobowo\u015bci\u0105 oraz stylem. Autor wskazuje, \u017ce wyb\u00f3r odpowiedniego perfumu mo\u017ce by\u0107 kluczowy, aby wyrazi\u0107 sw\u00f3j charakter, dlatego istniej\u0105 r\u00f3\u017cne typy zapach\u00f3w dostosowanych do r\u00f3\u017cnych preferencji. Artyku\u0142 zawiera te\u017c porady dla fan\u00f3w eleganckich i klasycznych styl\u00f3w, aktywnych tryb\u00f3w \u017cycia oraz mi\u0142o\u015bnik\u00f3w natury i spokoju, jak r\u00f3wnie\u017c wskaz\u00f3wki dotycz\u0105ce wyboru zapachu dopasowanego do osobowo\u015bci. Poza tym, podkre\u015bla si\u0119 znaczenie dostosowania zapachu do codziennych nawyk\u00f3w i trybu \u017cycia, aby podkre\u015bli\u0142 on charakter i nie przeszkadza\u0142 w codziennych zaj\u0119ciach. Zach\u0119cam do przeczytania ca\u0142o\u015bci, aby dowiedzie\u0107 si\u0119 wi\u0119cej o tym, jak wybra\u0107 perfumy odpowiadaj\u0105ce naszej osobowo\u015bci i stylowi \u017cycia.<\/p>\n","protected":false},"author":1,"featured_media":276,"comment_status":"closed","ping_status":"open","sticky":false,"template":"","format":"standard","meta":{"footnotes":""},"categories":[1],"tags":[],"class_list":["post-277","post","type-post","status-publish","format-standard","has-post-thumbnail","hentry","category-bez-kategorii"],"yoast_head":"<!-- This site is optimized with the Yoast SEO plugin v20.10 - https:\/\/yoast.com\/wordpress\/plugins\/seo\/ -->\n<title>Jak wybra\u0107 zapach perfumy odpowiedni do Twojego stylu i charakteru - porady kosmetyczne i higieny osobistej na zdrowie i urod\u0119 - Tajemnice Piel\u0119gnacji<\/title>\n<meta name=\"robots\" content=\"index, follow, max-snippet:-1, max-image-preview:large, max-video-preview:-1\" \/>\n<link rel=\"canonical\" href=\"https:\/\/refan-lublin.pl\/index.php\/2025\/04\/22\/jak-wybrac-zapach-perfumy-odpowiedni-do-twojego-stylu-i-charakteru-porady-kosmetyczne-i-higieny-osobistej-na-zdrowie-i-urode\/\" \/>\n<meta property=\"og:locale\" content=\"pl_PL\" \/>\n<meta property=\"og:type\" content=\"article\" \/>\n<meta property=\"og:title\" content=\"Jak wybra\u0107 zapach perfumy odpowiedni do Twojego stylu i charakteru - porady kosmetyczne i higieny osobistej na zdrowie i urod\u0119 - Tajemnice Piel\u0119gnacji\" \/>\n<meta property=\"og:description\" content=\"Artyku\u0142 &quot;Najlepsze perfumy dla r\u00f3\u017cnych styl\u00f3w i charakter\u00f3w&quot; prezentuje zwi\u0105zek mi\u0119dzy wyborem zapachu a osobowo\u015bci\u0105 oraz stylem. Autor wskazuje, \u017ce wyb\u00f3r odpowiedniego perfumu mo\u017ce by\u0107 kluczowy, aby wyrazi\u0107 sw\u00f3j charakter, dlatego istniej\u0105 r\u00f3\u017cne typy zapach\u00f3w dostosowanych do r\u00f3\u017cnych preferencji. Artyku\u0142 zawiera te\u017c porady dla fan\u00f3w eleganckich i klasycznych styl\u00f3w, aktywnych tryb\u00f3w \u017cycia oraz mi\u0142o\u015bnik\u00f3w natury i spokoju, jak r\u00f3wnie\u017c wskaz\u00f3wki dotycz\u0105ce wyboru zapachu dopasowanego do osobowo\u015bci. Poza tym, podkre\u015bla si\u0119 znaczenie dostosowania zapachu do codziennych nawyk\u00f3w i trybu \u017cycia, aby podkre\u015bli\u0142 on charakter i nie przeszkadza\u0142 w codziennych zaj\u0119ciach. Zach\u0119cam do przeczytania ca\u0142o\u015bci, aby dowiedzie\u0107 si\u0119 wi\u0119cej o tym, jak wybra\u0107 perfumy odpowiadaj\u0105ce naszej osobowo\u015bci i stylowi \u017cycia.\" \/>\n<meta property=\"og:url\" content=\"https:\/\/refan-lublin.pl\/index.php\/2025\/04\/22\/jak-wybrac-zapach-perfumy-odpowiedni-do-twojego-stylu-i-charakteru-porady-kosmetyczne-i-higieny-osobistej-na-zdrowie-i-urode\/\" \/>\n<meta property=\"og:site_name\" content=\"Tajemnice Piel\u0119gnacji\" \/>\n<meta property=\"article:published_time\" content=\"2025-04-22T10:00:00+00:00\" \/>\n<meta name=\"author\" content=\"admin\" \/>\n<meta name=\"twitter:card\" content=\"summary_large_image\" \/>\n<meta name=\"twitter:label1\" content=\"Napisane przez\" \/>\n\t<meta name=\"twitter:data1\" content=\"admin\" \/>\n\t<meta name=\"twitter:label2\" content=\"Szacowany czas czytania\" \/>\n\t<meta name=\"twitter:data2\" content=\"5 minut\" \/>\n<script type=\"application\/ld+json\" class=\"yoast-schema-graph\">{\"@context\":\"https:\/\/schema.org\",\"@graph\":[{\"@type\":\"Article\",\"@id\":\"https:\/\/refan-lublin.pl\/index.php\/2025\/04\/22\/jak-wybrac-zapach-perfumy-odpowiedni-do-twojego-stylu-i-charakteru-porady-kosmetyczne-i-higieny-osobistej-na-zdrowie-i-urode\/#article\",\"isPartOf\":{\"@id\":\"https:\/\/refan-lublin.pl\/index.php\/2025\/04\/22\/jak-wybrac-zapach-perfumy-odpowiedni-do-twojego-stylu-i-charakteru-porady-kosmetyczne-i-higieny-osobistej-na-zdrowie-i-urode\/\"},\"author\":{\"name\":\"admin\",\"@id\":\"https:\/\/refan-lublin.pl\/#\/schema\/person\/b601220824c73ecebc8d823ae717c131\"},\"headline\":\"Jak wybra\u0107 zapach perfumy odpowiedni do Twojego stylu i charakteru &#8211; porady kosmetyczne i higieny osobistej na zdrowie i urod\u0119\",\"datePublished\":\"2025-04-22T10:00:00+00:00\",\"dateModified\":\"2025-04-22T10:00:00+00:00\",\"mainEntityOfPage\":{\"@id\":\"https:\/\/refan-lublin.pl\/index.php\/2025\/04\/22\/jak-wybrac-zapach-perfumy-odpowiedni-do-twojego-stylu-i-charakteru-porady-kosmetyczne-i-higieny-osobistej-na-zdrowie-i-urode\/\"},\"wordCount\":1052,\"publisher\":{\"@id\":\"https:\/\/refan-lublin.pl\/#organization\"},\"inLanguage\":\"pl-PL\"},{\"@type\":\"WebPage\",\"@id\":\"https:\/\/refan-lublin.pl\/index.php\/2025\/04\/22\/jak-wybrac-zapach-perfumy-odpowiedni-do-twojego-stylu-i-charakteru-porady-kosmetyczne-i-higieny-osobistej-na-zdrowie-i-urode\/\",\"url\":\"https:\/\/refan-lublin.pl\/index.php\/2025\/04\/22\/jak-wybrac-zapach-perfumy-odpowiedni-do-twojego-stylu-i-charakteru-porady-kosmetyczne-i-higieny-osobistej-na-zdrowie-i-urode\/\",\"name\":\"Jak wybra\u0107 zapach perfumy odpowiedni do Twojego stylu i charakteru - porady kosmetyczne i higieny osobistej na zdrowie i urod\u0119 - Tajemnice Piel\u0119gnacji\",\"isPartOf\":{\"@id\":\"https:\/\/refan-lublin.pl\/#website\"},\"datePublished\":\"2025-04-22T10:00:00+00:00\",\"dateModified\":\"2025-04-22T10:00:00+00:00\",\"breadcrumb\":{\"@id\":\"https:\/\/refan-lublin.pl\/index.php\/2025\/04\/22\/jak-wybrac-zapach-perfumy-odpowiedni-do-twojego-stylu-i-charakteru-porady-kosmetyczne-i-higieny-osobistej-na-zdrowie-i-urode\/#breadcrumb\"},\"inLanguage\":\"pl-PL\",\"potentialAction\":[{\"@type\":\"ReadAction\",\"target\":[\"https:\/\/refan-lublin.pl\/index.php\/2025\/04\/22\/jak-wybrac-zapach-perfumy-odpowiedni-do-twojego-stylu-i-charakteru-porady-kosmetyczne-i-higieny-osobistej-na-zdrowie-i-urode\/\"]}]},{\"@type\":\"BreadcrumbList\",\"@id\":\"https:\/\/refan-lublin.pl\/index.php\/2025\/04\/22\/jak-wybrac-zapach-perfumy-odpowiedni-do-twojego-stylu-i-charakteru-porady-kosmetyczne-i-higieny-osobistej-na-zdrowie-i-urode\/#breadcrumb\",\"itemListElement\":[{\"@type\":\"ListItem\",\"position\":1,\"name\":\"Strona g\u0142\u00f3wna\",\"item\":\"https:\/\/refan-lublin.pl\/\"},{\"@type\":\"ListItem\",\"position\":2,\"name\":\"Jak wybra\u0107 zapach perfumy odpowiedni do Twojego stylu i charakteru &#8211; porady kosmetyczne i higieny osobistej na zdrowie i urod\u0119\"}]},{\"@type\":\"WebSite\",\"@id\":\"https:\/\/refan-lublin.pl\/#website\",\"url\":\"https:\/\/refan-lublin.pl\/\",\"name\":\"Tajemnice Piel\u0119gnacji\",\"description\":\"\",\"publisher\":{\"@id\":\"https:\/\/refan-lublin.pl\/#organization\"},\"potentialAction\":[{\"@type\":\"SearchAction\",\"target\":{\"@type\":\"EntryPoint\",\"urlTemplate\":\"https:\/\/refan-lublin.pl\/?s={search_term_string}\"},\"query-input\":\"required name=search_term_string\"}],\"inLanguage\":\"pl-PL\"},{\"@type\":\"Organization\",\"@id\":\"https:\/\/refan-lublin.pl\/#organization\",\"name\":\"Tajemnice Piel\u0119gnacji\",\"url\":\"https:\/\/refan-lublin.pl\/\",\"logo\":{\"@type\":\"ImageObject\",\"inLanguage\":\"pl-PL\",\"@id\":\"https:\/\/refan-lublin.pl\/#\/schema\/logo\/image\/\",\"url\":\"https:\/\/refan-lublin.pl\/wp-content\/uploads\/2024\/10\/tajemnice-pielgnacji-high-resolution-logo-transparent.png\",\"contentUrl\":\"https:\/\/refan-lublin.pl\/wp-content\/uploads\/2024\/10\/tajemnice-pielgnacji-high-resolution-logo-transparent.png\",\"width\":2000,\"height\":1261,\"caption\":\"Tajemnice Piel\u0119gnacji\"},\"image\":{\"@id\":\"https:\/\/refan-lublin.pl\/#\/schema\/logo\/image\/\"}},{\"@type\":\"Person\",\"@id\":\"https:\/\/refan-lublin.pl\/#\/schema\/person\/b601220824c73ecebc8d823ae717c131\",\"name\":\"admin\",\"image\":{\"@type\":\"ImageObject\",\"inLanguage\":\"pl-PL\",\"@id\":\"https:\/\/refan-lublin.pl\/#\/schema\/person\/image\/\",\"url\":\"https:\/\/secure.gravatar.com\/avatar\/20f9971feab45143e013bdc999a9ec561b2b4cea2f903352b96d2e1fd8a2655e?s=96&d=mm&r=g\",\"contentUrl\":\"https:\/\/secure.gravatar.com\/avatar\/20f9971feab45143e013bdc999a9ec561b2b4cea2f903352b96d2e1fd8a2655e?s=96&d=mm&r=g\",\"caption\":\"admin\"},\"sameAs\":[\"https:\/\/refan-lublin.pl\"],\"url\":\"https:\/\/refan-lublin.pl\/index.php\/author\/admin\/\"}]}<\/script>\n<!-- \/ Yoast SEO plugin. -->","yoast_head_json":{"title":"Jak wybra\u0107 zapach perfumy odpowiedni do Twojego stylu i charakteru - porady kosmetyczne i higieny osobistej na zdrowie i urod\u0119 - Tajemnice Piel\u0119gnacji","robots":{"index":"index","follow":"follow","max-snippet":"max-snippet:-1","max-image-preview":"max-image-preview:large","max-video-preview":"max-video-preview:-1"},"canonical":"https:\/\/refan-lublin.pl\/index.php\/2025\/04\/22\/jak-wybrac-zapach-perfumy-odpowiedni-do-twojego-stylu-i-charakteru-porady-kosmetyczne-i-higieny-osobistej-na-zdrowie-i-urode\/","og_locale":"pl_PL","og_type":"article","og_title":"Jak wybra\u0107 zapach perfumy odpowiedni do Twojego stylu i charakteru - porady kosmetyczne i higieny osobistej na zdrowie i urod\u0119 - Tajemnice Piel\u0119gnacji","og_description":"Artyku\u0142 \"Najlepsze perfumy dla r\u00f3\u017cnych styl\u00f3w i charakter\u00f3w\" prezentuje zwi\u0105zek mi\u0119dzy wyborem zapachu a osobowo\u015bci\u0105 oraz stylem. Autor wskazuje, \u017ce wyb\u00f3r odpowiedniego perfumu mo\u017ce by\u0107 kluczowy, aby wyrazi\u0107 sw\u00f3j charakter, dlatego istniej\u0105 r\u00f3\u017cne typy zapach\u00f3w dostosowanych do r\u00f3\u017cnych preferencji. Artyku\u0142 zawiera te\u017c porady dla fan\u00f3w eleganckich i klasycznych styl\u00f3w, aktywnych tryb\u00f3w \u017cycia oraz mi\u0142o\u015bnik\u00f3w natury i spokoju, jak r\u00f3wnie\u017c wskaz\u00f3wki dotycz\u0105ce wyboru zapachu dopasowanego do osobowo\u015bci. Poza tym, podkre\u015bla si\u0119 znaczenie dostosowania zapachu do codziennych nawyk\u00f3w i trybu \u017cycia, aby podkre\u015bli\u0142 on charakter i nie przeszkadza\u0142 w codziennych zaj\u0119ciach. Zach\u0119cam do przeczytania ca\u0142o\u015bci, aby dowiedzie\u0107 si\u0119 wi\u0119cej o tym, jak wybra\u0107 perfumy odpowiadaj\u0105ce naszej osobowo\u015bci i stylowi \u017cycia.","og_url":"https:\/\/refan-lublin.pl\/index.php\/2025\/04\/22\/jak-wybrac-zapach-perfumy-odpowiedni-do-twojego-stylu-i-charakteru-porady-kosmetyczne-i-higieny-osobistej-na-zdrowie-i-urode\/","og_site_name":"Tajemnice Piel\u0119gnacji","article_published_time":"2025-04-22T10:00:00+00:00","author":"admin","twitter_card":"summary_large_image","twitter_misc":{"Napisane przez":"admin","Szacowany czas czytania":"5 minut"},"schema":{"@context":"https:\/\/schema.org","@graph":[{"@type":"Article","@id":"https:\/\/refan-lublin.pl\/index.php\/2025\/04\/22\/jak-wybrac-zapach-perfumy-odpowiedni-do-twojego-stylu-i-charakteru-porady-kosmetyczne-i-higieny-osobistej-na-zdrowie-i-urode\/#article","isPartOf":{"@id":"https:\/\/refan-lublin.pl\/index.php\/2025\/04\/22\/jak-wybrac-zapach-perfumy-odpowiedni-do-twojego-stylu-i-charakteru-porady-kosmetyczne-i-higieny-osobistej-na-zdrowie-i-urode\/"},"author":{"name":"admin","@id":"https:\/\/refan-lublin.pl\/#\/schema\/person\/b601220824c73ecebc8d823ae717c131"},"headline":"Jak wybra\u0107 zapach perfumy odpowiedni do Twojego stylu i charakteru &#8211; porady kosmetyczne i higieny osobistej na zdrowie i urod\u0119","datePublished":"2025-04-22T10:00:00+00:00","dateModified":"2025-04-22T10:00:00+00:00","mainEntityOfPage":{"@id":"https:\/\/refan-lublin.pl\/index.php\/2025\/04\/22\/jak-wybrac-zapach-perfumy-odpowiedni-do-twojego-stylu-i-charakteru-porady-kosmetyczne-i-higieny-osobistej-na-zdrowie-i-urode\/"},"wordCount":1052,"publisher":{"@id":"https:\/\/refan-lublin.pl\/#organization"},"inLanguage":"pl-PL"},{"@type":"WebPage","@id":"https:\/\/refan-lublin.pl\/index.php\/2025\/04\/22\/jak-wybrac-zapach-perfumy-odpowiedni-do-twojego-stylu-i-charakteru-porady-kosmetyczne-i-higieny-osobistej-na-zdrowie-i-urode\/","url":"https:\/\/refan-lublin.pl\/index.php\/2025\/04\/22\/jak-wybrac-zapach-perfumy-odpowiedni-do-twojego-stylu-i-charakteru-porady-kosmetyczne-i-higieny-osobistej-na-zdrowie-i-urode\/","name":"Jak wybra\u0107 zapach perfumy odpowiedni do Twojego stylu i charakteru - porady kosmetyczne i higieny osobistej na zdrowie i urod\u0119 - Tajemnice Piel\u0119gnacji","isPartOf":{"@id":"https:\/\/refan-lublin.pl\/#website"},"datePublished":"2025-04-22T10:00:00+00:00","dateModified":"2025-04-22T10:00:00+00:00","breadcrumb":{"@id":"https:\/\/refan-lublin.pl\/index.php\/2025\/04\/22\/jak-wybrac-zapach-perfumy-odpowiedni-do-twojego-stylu-i-charakteru-porady-kosmetyczne-i-higieny-osobistej-na-zdrowie-i-urode\/#breadcrumb"},"inLanguage":"pl-PL","potentialAction":[{"@type":"ReadAction","target":["https:\/\/refan-lublin.pl\/index.php\/2025\/04\/22\/jak-wybrac-zapach-perfumy-odpowiedni-do-twojego-stylu-i-charakteru-porady-kosmetyczne-i-higieny-osobistej-na-zdrowie-i-urode\/"]}]},{"@type":"BreadcrumbList","@id":"https:\/\/refan-lublin.pl\/index.php\/2025\/04\/22\/jak-wybrac-zapach-perfumy-odpowiedni-do-twojego-stylu-i-charakteru-porady-kosmetyczne-i-higieny-osobistej-na-zdrowie-i-urode\/#breadcrumb","itemListElement":[{"@type":"ListItem","position":1,"name":"Strona g\u0142\u00f3wna","item":"https:\/\/refan-lublin.pl\/"},{"@type":"ListItem","position":2,"name":"Jak wybra\u0107 zapach perfumy odpowiedni do Twojego stylu i charakteru &#8211; porady kosmetyczne i higieny osobistej na zdrowie i urod\u0119"}]},{"@type":"WebSite","@id":"https:\/\/refan-lublin.pl\/#website","url":"https:\/\/refan-lublin.pl\/","name":"Tajemnice Piel\u0119gnacji","description":"","publisher":{"@id":"https:\/\/refan-lublin.pl\/#organization"},"potentialAction":[{"@type":"SearchAction","target":{"@type":"EntryPoint","urlTemplate":"https:\/\/refan-lublin.pl\/?s={search_term_string}"},"query-input":"required name=search_term_string"}],"inLanguage":"pl-PL"},{"@type":"Organization","@id":"https:\/\/refan-lublin.pl\/#organization","name":"Tajemnice Piel\u0119gnacji","url":"https:\/\/refan-lublin.pl\/","logo":{"@type":"ImageObject","inLanguage":"pl-PL","@id":"https:\/\/refan-lublin.pl\/#\/schema\/logo\/image\/","url":"https:\/\/refan-lublin.pl\/wp-content\/uploads\/2024\/10\/tajemnice-pielgnacji-high-resolution-logo-transparent.png","contentUrl":"https:\/\/refan-lublin.pl\/wp-content\/uploads\/2024\/10\/tajemnice-pielgnacji-high-resolution-logo-transparent.png","width":2000,"height":1261,"caption":"Tajemnice Piel\u0119gnacji"},"image":{"@id":"https:\/\/refan-lublin.pl\/#\/schema\/logo\/image\/"}},{"@type":"Person","@id":"https:\/\/refan-lublin.pl\/#\/schema\/person\/b601220824c73ecebc8d823ae717c131","name":"admin","image":{"@type":"ImageObject","inLanguage":"pl-PL","@id":"https:\/\/refan-lublin.pl\/#\/schema\/person\/image\/","url":"https:\/\/secure.gravatar.com\/avatar\/20f9971feab45143e013bdc999a9ec561b2b4cea2f903352b96d2e1fd8a2655e?s=96&d=mm&r=g","contentUrl":"https:\/\/secure.gravatar.com\/avatar\/20f9971feab45143e013bdc999a9ec561b2b4cea2f903352b96d2e1fd8a2655e?s=96&d=mm&r=g","caption":"admin"},"sameAs":["https:\/\/refan-lublin.pl"],"url":"https:\/\/refan-lublin.pl\/index.php\/author\/admin\/"}]}},"_links":{"self":[{"href":"https:\/\/refan-lublin.pl\/index.php\/wp-json\/wp\/v2\/posts\/277","targetHints":{"allow":["GET"]}}],"collection":[{"href":"https:\/\/refan-lublin.pl\/index.php\/wp-json\/wp\/v2\/posts"}],"about":[{"href":"https:\/\/refan-lublin.pl\/index.php\/wp-json\/wp\/v2\/types\/post"}],"author":[{"embeddable":true,"href":"https:\/\/refan-lublin.pl\/index.php\/wp-json\/wp\/v2\/users\/1"}],"replies":[{"embeddable":true,"href":"https:\/\/refan-lublin.pl\/index.php\/wp-json\/wp\/v2\/comments?post=277"}],"version-history":[{"count":0,"href":"https:\/\/refan-lublin.pl\/index.php\/wp-json\/wp\/v2\/posts\/277\/revisions"}],"wp:featuredmedia":[{"embeddable":true,"href":"https:\/\/refan-lublin.pl\/index.php\/wp-json\/wp\/v2\/media\/276"}],"wp:attachment":[{"href":"https:\/\/refan-lublin.pl\/index.php\/wp-json\/wp\/v2\/media?parent=277"}],"wp:term":[{"taxonomy":"category","embeddable":true,"href":"https:\/\/refan-lublin.pl\/index.php\/wp-json\/wp\/v2\/categories?post=277"},{"taxonomy":"post_tag","embeddable":true,"href":"https:\/\/refan-lublin.pl\/index.php\/wp-json\/wp\/v2\/tags?post=277"}],"curies":[{"name":"wp","href":"https:\/\/api.w.org\/{rel}","templated":true}]}}