{"id":19,"date":"2023-12-18T07:01:15","date_gmt":"2023-12-18T06:01:15","guid":{"rendered":"https:\/\/refan-lublin.pl\/index.php\/2023\/12\/18\/inspiracje-zapachowe-na-jesien-i-zime\/"},"modified":"2023-12-18T07:01:15","modified_gmt":"2023-12-18T06:01:15","slug":"inspiracje-zapachowe-na-jesien-i-zime","status":"publish","type":"post","link":"https:\/\/refan-lublin.pl\/index.php\/2023\/12\/18\/inspiracje-zapachowe-na-jesien-i-zime\/","title":{"rendered":"Inspiracje zapachowe na jesie\u0144 i zim\u0119"},"content":{"rendered":"<h2>Zapachowe trendy na jesie\u0144 i zim\u0119<\/h2>\n<p>Corocznie, wraz z nadej\u015bciem jesieni i zimy, pojawiaj\u0105 si\u0119 nowe zapachowe trendy, kt\u00f3re inspiruj\u0105 zar\u00f3wno dobrodusznych mi\u0142o\u015bnik\u00f3w perfum, jak i profesjonalnych tw\u00f3rc\u00f3w zapach\u00f3w. Sezon jesienno-zimowy niesie ze sob\u0105 charakterystyczne nuty, kt\u00f3re stanowi\u0105 o niepowtarzalnym uroku tych p\u00f3r roku. Jakie wi\u0119c zapachowe trendy mo\u017cemy spodziewa\u0107 si\u0119 na nadchodz\u0105c\u0105 jesie\u0144 i zim\u0119?<\/p>\n<p>Jednym z kluczowych trend\u00f3w zapachowych na jesie\u0144 i zim\u0119 s\u0105 intensywne, ciep\u0142e oraz drzewne nuty. W tym sezonie popularne b\u0119d\u0105 zapachy, kt\u00f3re emanuj\u0105 ciep\u0142em i bogactwem, wzbogacone nutami drzewa sanda\u0142owego, paczuli, czy cedru. Te bogate i zmys\u0142owe nuty doskonale oddaj\u0105 charakter jesieni i zimy, kiedy ch\u0119tniej otulamy si\u0119 intensywnymi, d\u0142ugotrwa\u0142ymi perfumami. <\/p>\n<p>Kolejnym istotnym trendem na sezon jesienno-zimowy jest powr\u00f3t do klasycznych, eleganckich zapach\u00f3w. W tym kontek\u015bcie pojawiaj\u0105 si\u0119 kompozycje oparte na nutach sk\u00f3ry, ambry, oraz mchu d\u0119bowego. Te luksusowe akcenty przypominaj\u0105ce o tradycji, klasyce i elegancji, doskonale wpisuj\u0105 si\u0119 w atmosfer\u0119 jesiennych wieczor\u00f3w i zimowych dni. <\/p>\n<p>Na nadchodz\u0105cy sezon jesienno-zimowy warto r\u00f3wnie\u017c zwr\u00f3ci\u0107 uwag\u0119 na perfumy inspirowane natur\u0105, w tym zw\u0142aszcza zapachy oparte na nutach kwiat\u00f3w egzotycznych, ekstrakt\u00f3w z owoc\u00f3w sezonowych i aromat\u00f3w zi\u00f3\u0142. Takie skomponowane perfumy nawi\u0105zuj\u0105 do barwnej jesiennej i zimowej palety natury, stanowi\u0105c o atutach otaczaj\u0105cego nas \u015bwiata.<\/p>\n<p>Zapachowe trendy na jesie\u0144 i zim\u0119 to zatem koncentrat elegancji, ciep\u0142a oraz zmys\u0142owo\u015bci, kt\u00f3re doskonale oddaj\u0105 specyfik\u0119 tych p\u00f3r roku. Mo\u017cemy spodziewa\u0107 si\u0119, \u017ce perfumy skomponowane zgodnie z tymi trendami zachwyc\u0105 wielbicieli aromatycznych dozna\u0144 i razem z nimi wprowadz\u0105 w wyj\u0105tkowy nastr\u00f3j jesienno-zimowego klimatu.<\/p>\n<h2>Nowo\u015bci perfumeryjne na sezon ch\u0142odniejszy<\/h2>\n<p>\nJesie\u0144 i zima to okres, w kt\u00f3rym nasze preferencje zapachowe zaczynaj\u0105 ewoluowa\u0107, przechodz\u0105c od \u015bwie\u017cych i owocowych zapach\u00f3w letnich do bardziej intensywnych i ciep\u0142ych aromat\u00f3w. Nowo\u015bci perfumeryjne na sezon ch\u0142odniejszy to idealna propozycja dla os\u00f3b poszukuj\u0105cych intryguj\u0105cych inspiracji zapachowych. Marki perfumeryjne stale wprowadzaj\u0105 na rynek nowe kompozycje, kt\u00f3re doskonale oddaj\u0105 atmosfer\u0119 jesieni i zimy.\n<\/p>\n<p>\nW sezonie ch\u0142odniejszym popularne staj\u0105 si\u0119 zapachy zawieraj\u0105ce nuty drzewne, balsamiczne, korzenne oraz orientalne. Eleganckie po\u0142\u0105czenia paczuli, wetiweru, cedru czy sk\u00f3ry doskonale oddaj\u0105 charakter tej pory roku. Nowe perfumy cz\u0119sto zawieraj\u0105 r\u00f3wnie\u017c nuty przypraw, takie jak cynamon, ga\u0142ka muszkato\u0142owa czy pieprz, kt\u00f3re dodaj\u0105 im wyrazisto\u015bci i charakteru.\n<\/p>\n<p>\nWarto zwr\u00f3ci\u0107 uwag\u0119 na nowo\u015bci perfumeryjne inspirowane jesienno-zimow\u0105 natur\u0105, kt\u00f3re cz\u0119sto zawieraj\u0105 nuty \u017cywicy, kadzid\u0142a, ja\u0142owca czy mchu d\u0119bowego. Te intensywne, ciep\u0142e i orze\u017awiaj\u0105ce zapachy znakomicie komponuj\u0105 si\u0119 z ch\u0142odnymi dniami oraz d\u0142ugimi wieczorami.\n<\/p>\n<p>\nNowe perfumy na sezon ch\u0142odniejszy to nie tylko zmiana nut zapachowych, ale tak\u017ce intryguj\u0105ce flakony i opakowania, kt\u00f3re same w sobie s\u0105 dzie\u0142em sztuki. Marki perfumeryjne staraj\u0105 si\u0119 podkre\u015bli\u0107 charakter sezonu poprzez oryginalne aran\u017cacje butelek i etui, co sprawia, \u017ce si\u0119gaj\u0105c po nowe perfumy, doznajemy wielu zmys\u0142owych dozna\u0144.\n<\/p>\n<p>\nWreszcie, warto pami\u0119ta\u0107, \u017ce nowo\u015bci perfumeryjne na jesie\u0144 i zim\u0119 to doskona\u0142y prezent dla mi\u0142o\u015bnik\u00f3w unikalnych i nietuzinkowych zapach\u00f3w. Wybieraj\u0105c nowe perfumy na sezon ch\u0142odniejszy, ka\u017cdy mo\u017ce odnale\u017a\u0107 co\u015b, co doskonale oddaje jego osobisty styl i charakter, podkre\u015blaj\u0105c jednocze\u015bnie pi\u0119kno pory roku.\n<\/p>\n<h2>Aromatyczne inspiracje dla domu podczas ciemniejszych dni<\/h2>\n<p>Przyjemny zapach w domu ma ogromne znaczenie, zw\u0142aszcza podczas ciemniejszych dni jesieni i zimy. Aromatyczne inspiracje dla domu mog\u0105 pom\u00f3c stworzy\u0107 ciep\u0142\u0105 i przytuln\u0105 atmosfer\u0119, kt\u00f3ra poprawi nastr\u00f3j i dodatkowo zrelaksuje. Wyb\u00f3r odpowiednich zapach\u00f3w mo\u017ce mie\u0107 istotny wp\u0142yw na nasze samopoczucie i codzienne doznania. Oto kilka wyj\u0105tkowych propozycji, kt\u00f3re sprawdz\u0105 si\u0119 doskonale w ci\u0105gu jesieni i zimowych miesi\u0119cy.<\/p>\n<p>Jednym z najpopularniejszych sposob\u00f3w na stworzenie aromatycznej atmosfery w domu jest u\u017cytkowanie \u015bwiec zapachowych. W ciemniejsze dni warto si\u0119gn\u0105\u0107 po zapachy ciep\u0142e i otulaj\u0105ce, takie jak wanilia, cynamon, go\u017adzik czy drzewo sanda\u0142owe. Te intensywne aromaty doskonale komponuj\u0105 si\u0119 z wieczorami sp\u0119dzonymi w domowym zaciszu, tworz\u0105c przyjemny odczuwalny klimat.<\/p>\n<p>Kolejnym sposobem na wprowadzenie aromatycznych inspiracji do domu jest wykorzystanie naturalnych olejk\u00f3w eterycznych. R\u00f3\u017cne kombinacje zapachowe mog\u0105 stworzy\u0107 unikalne doznania zmys\u0142owe, kt\u00f3re dodatkowo wp\u0142yn\u0105 na nasze samopoczucie. Na przyk\u0142ad, olejek z drzewa eukaliptusowego mo\u017ce przynie\u015b\u0107 \u015bwie\u017co\u015b\u0107 i klarowno\u015b\u0107, natomiast olejek z lawendy mo\u017ce dzia\u0142a\u0107 uspokajaj\u0105co i relaksuj\u0105co.<\/p>\n<p>Nie mo\u017cna zapomnie\u0107 o aromatyzowaniu pomieszcze\u0144 za pomoc\u0105 kompozycji zapachowych w sprayu. Delikatne mgie\u0142ki z przyjemnymi aromatami mog\u0105 roz\u015bwietli\u0107 ciemne i ponure wn\u0119trza, nadaj\u0105c im now\u0105 energi\u0119 i wyrazisto\u015b\u0107. Warto tu zastosowa\u0107 zapachy cytrusowe, ja\u015bminowe czy paczuli, kt\u00f3re pobudz\u0105 zmys\u0142y i dodadz\u0105 uroku codziennym chwilom.<\/p>\n<p>To tylko kilka pomys\u0142\u00f3w na wykorzystanie aromatycznych inspiracji w domu podczas ciemniejszych dni. Odpowiednio dobrany zapach mo\u017ce sta\u0107 si\u0119 elementem tworz\u0105cym atmosfer\u0119 i wp\u0142ywaj\u0105cym na nasze samopoczucie, dlatego warto eksperymentowa\u0107 i odkrywa\u0107 unikalne po\u0142\u0105czenia zapachowe, kt\u00f3re b\u0119d\u0105 dope\u0142nieniem jesiennej i zimowej aurze.<\/p>\n<h2>Zmys\u0142owe zapachy dla d\u0142ugich jesienno-zimowych wieczor\u00f3w<\/h2>\n<p>Zbli\u017caj\u0105ca si\u0119 jesie\u0144 i zima to doskona\u0142y czas na poszukiwanie zmys\u0142owych zapach\u00f3w, kt\u00f3re pozwol\u0105 stworzy\u0107 wyj\u0105tkow\u0105 atmosfer\u0119 podczas d\u0142ugich wieczor\u00f3w. W\u015br\u00f3d inspiracji zapachowych na t\u0119 por\u0119 roku warto zwr\u00f3ci\u0107 uwag\u0119 na intensywne aromaty ciep\u0142ych przypraw, egzotycznych drzew i orientalnych perfum. Ju\u017c samo rozpalenie \u015bwiecy o zapachu cynamonu, ga\u0142ki muszkato\u0142owej czy imbiru mo\u017ce przenie\u015b\u0107 nas w magiczny \u015bwiat pe\u0142en przytulno\u015bci i relaksu.<\/p>\n<p>Nieco bardziej eleganckim wyborem s\u0105 z pewno\u015bci\u0105 perfumy o orientalnych nutach, takie jak wanilia, kadzid\u0142o czy paczula. Ich g\u0142\u0119bokie, zmys\u0142owe zapachy doskonale komponuj\u0105 si\u0119 z jesienn\u0105 aur\u0105 i d\u0142ugimi wieczorami. Warto tak\u017ce zainwestowa\u0107 w olejki eteryczne, kt\u00f3re mo\u017cna u\u017cywa\u0107 do aromaterapii lub do stworzenia w\u0142asnych perfum. Korzenny zapach go\u017adzik\u00f3w czy pi\u017cma doskonale nadaj\u0105 si\u0119 do tworzenia wyj\u0105tkowych kompozycji na ch\u0142odniejsze dni.<\/p>\n<p>Podsumowuj\u0105c, zmys\u0142owe zapachy nie tylko tworz\u0105 wyj\u0105tkow\u0105 atmosfer\u0119 w naszych domach, ale tak\u017ce potrafi\u0105 pobudzi\u0107 nasze zmys\u0142y i wprowadzi\u0107 do naszego \u017cycia nut\u0119 luksusu i relaksu, kt\u00f3rych tak bardzo potrzebujemy podczas d\u0142ugich jesienno-zimowych wieczor\u00f3w.<\/p>\n<h2>Naturalne olejki eteryczne jako skarb natury podczas ch\u0142odniejszych miesi\u0119cy<\/h2>\n<p><b>Naturalne olejki eteryczne &#8211; skarb natury na jesie\u0144 i zim\u0119<\/b><\/p>\n<p>Jesie\u0144 i zima to doskona\u0142y czas, by cieszy\u0107 si\u0119 intensywnymi zapachami, kt\u00f3re dodaj\u0105 ciep\u0142a i komfortu podczas ch\u0142odniejszych miesi\u0119cy. Naturalne olejki eteryczne stanowi\u0105 niezwyk\u0142y skarb natury, kt\u00f3ry mo\u017cna wykorzysta\u0107 do stworzenia inspiruj\u0105cych kompozycji zapachowych.<\/p>\n<p>Olejki eteryczne, takie jak lawenda, cedr, paczula czy drzewo sanda\u0142owe, posiadaj\u0105 nie tylko pi\u0119kne aromaty, ale tak\u017ce dzia\u0142anie terapeutyczne. Ich bogactwo sk\u0142adnik\u00f3w czyni je idealnym wyborem na jesienn\u0105 i zimow\u0105 aur\u0119. Zawarte w nich moleku\u0142y dzia\u0142aj\u0105ce antybakteryjnie, antywirusowo i przeciwwirusowo mog\u0105 pom\u00f3c w wzmacnianiu odporno\u015bci organizmu w okresie, gdy jeste\u015bmy bardziej nara\u017ceni na infekcje.<\/p>\n<p>Dodatkowo, naturalne olejki eteryczne mog\u0105 by\u0107 wykorzystane do stworzenia indywidualnych kompozycji zapachowych, kt\u00f3re pozwol\u0105 stworzy\u0107 przytuln\u0105 atmosfer\u0119 w domu. Dodaj\u0105c kilka kropel ulubionego olejku do kominka aromaterapeutycznego, nawil\u017cacza powietrza lub poduszki zapachowej, mo\u017cemy stworzy\u0107 unikalny i koj\u0105cy zapach, kt\u00f3ry pozwoli nam w pe\u0142ni cieszy\u0107 si\u0119 chwilami relaksu podczas wieczor\u00f3w.<\/p>\n<p>Niezwyk\u0142a r\u00f3\u017cnorodno\u015b\u0107 naturalnych olejk\u00f3w eterycznych pozwala na stworzenie zapachowej palety, kt\u00f3ra odpowiada naszym osobistym preferencjom i potrzebom. Dzi\u0119ki nim mo\u017cemy wybra\u0107 zapachy, kt\u00f3re poprawi\u0105 nasze samopoczucie, dodadz\u0105 energii lub wywo\u0142aj\u0105 w nas uczucie spokoju i harmonii.<\/p>\n<p>Warto wi\u0119c si\u0119gn\u0105\u0107 po naturalne olejki eteryczne, by cieszy\u0107 si\u0119 bogactwem natury podczas jesiennych i zimowych dni. Ich wyj\u0105tkowe w\u0142a\u015bciwo\u015bci zapachowe i terapeutyczne sprawi\u0105, \u017ce nawet najzimniejsze wieczory nabior\u0105 ciep\u0142a i uroku.<\/p>\n<h2>Zapachowe stylizacje: jak dopasowa\u0107 perfumy do jesienno-zimowej garderoby<\/h2>\n<p>\nJesie\u0144 i zima to czas, kiedy nasze zmys\u0142y s\u0105 intensywnie stymulowane przez zmieniaj\u0105ce si\u0119 otoczenie. Opr\u00f3cz charakterystycznych barw i d\u017awi\u0119k\u00f3w, du\u017ce znaczenie maj\u0105 r\u00f3wnie\u017c zapachy. Dlatego wa\u017cne jest, aby dopasowa\u0107 perfumy do jesienno-zimowej garderoby, tworz\u0105c harmonijn\u0105 zapachow\u0105 stylizacj\u0119.<\/p>\n<p>W ch\u0142odniejszych miesi\u0105cach dobrze sprawdzaj\u0105 si\u0119 ciep\u0142e, intensywne i orientalne perfumy. Zapachy zawieraj\u0105ce nuty drzewne, przyprawowe oraz kwiatowe s\u0105 idealnym wyborem na jesienne i zimowe wieczory. W przypadku dziennej garderoby warto wybiera\u0107 perfumy o lekkiej, \u015bwie\u017cej kompozycji, ale z subtelnym akcentem ciep\u0142a.<\/p>\n<p>Je\u015bli preferujesz eleganckie wieczorowe stylizacje, perfumy o g\u0142\u0119bokim, zmys\u0142owym charakterze b\u0119d\u0105 doskona\u0142ym uzupe\u0142nieniem Twojego looku. Zapachy z wyra\u017anymi nutami paczuli, wanilii, cynamonu lub sk\u00f3ry \u015bwietnie komponuj\u0105 si\u0119 z jesienno-zimowymi tkaninami, takimi jak we\u0142na, kaszmir czy aksamit.<\/p>\n<p>Kluczowe jest tak\u017ce dopasowanie intensywno\u015bci perfum do okazji i wydarzenia. Delikatne, orze\u017awiaj\u0105ce zapachy b\u0119d\u0105 odpowiednie na spacer czy spotkanie towarzyskie w ci\u0105gu dnia, podczas gdy wieczorne wyj\u015bcia wymagaj\u0105 mocniejszych i bardziej zmys\u0142owych kompozycji.<\/p>\n<p>Podsumowuj\u0105c, dob\u00f3r perfum do jesienno-zimowej garderoby powinien uwzgl\u0119dnia\u0107 charakterystyk\u0119 otoczenia, okazji oraz w\u0142asne preferencje zapachowe. Dzi\u0119ki temu stworzymy sp\u00f3jn\u0105, zapachow\u0105 stylizacj\u0119, kt\u00f3ra uzupe\u0142ni nasz wyj\u0105tkowy look w ch\u0142odniejszych miesi\u0105cach.<\/p>\n","protected":false},"excerpt":{"rendered":"<p>Trendy zapachowe na nadchodz\u0105c\u0105 jesie\u0144 i zim\u0119 zdominowane s\u0105 przez intensywne, ciep\u0142e oraz drzewne nuty, kt\u00f3re doskonale oddaj\u0105 charakter tych p\u00f3r roku. Eleganckie i klasyczne zapachy oparte na nutach sk\u00f3ry, ambry i mchu d\u0119bowego zyskuj\u0105 na popularno\u015bci, wprowadzaj\u0105c w atmosfer\u0119 jesiennych wieczor\u00f3w i zimowych dni. Jednocze\u015bnie, perfumy inspirowane natur\u0105, zawieraj\u0105ce nuty kwiat\u00f3w egzotycznych, ekstrakt\u00f3w z owoc\u00f3w sezonowych i aromat\u00f3w zi\u00f3\u0142, nawi\u0105zuj\u0105 do barwnej jesiennej i zimowej palety natury, tworz\u0105c unikalne doznania zapachowe. Dodatkowo, nowo\u015bci perfumeryjne na sezon ch\u0142odniejszy, z ich ciep\u0142ymi i orientalnymi nutami, oraz zmys\u0142owo orze\u017awiaj\u0105cymi aromatami inspirowanymi natur\u0105, stanowi\u0105 doskona\u0142\u0105 propozycj\u0119 dla mi\u0142o\u015bnik\u00f3w nietuzinkowych zapach\u00f3w. Ostatecznie, wprowadzenie aromatycznych inspiracji do domu podczas jesiennych i zimowych dni, poprzez wyb\u00f3r odpowiednich \u015bwiec, dyfuzor\u00f3w czy olejk\u00f3w zapachowych, mo\u017ce stworzy\u0107 wyj\u0105tkow\u0105 atmosfer\u0119, nadaj\u0105c\u0105 wn\u0119trzu przytulny i relaksuj\u0105cy klimat.<\/p>\n","protected":false},"author":1,"featured_media":18,"comment_status":"closed","ping_status":"open","sticky":false,"template":"","format":"standard","meta":{"footnotes":""},"categories":[83],"tags":[],"class_list":["post-19","post","type-post","status-publish","format-standard","has-post-thumbnail","hentry","category-nowosci-zapachowe"],"yoast_head":"<!-- This site is optimized with the Yoast SEO plugin v20.10 - https:\/\/yoast.com\/wordpress\/plugins\/seo\/ -->\n<title>Inspiracje zapachowe na jesie\u0144 i zim\u0119 - Tajemnice Piel\u0119gnacji<\/title>\n<meta name=\"robots\" content=\"index, follow, max-snippet:-1, max-image-preview:large, max-video-preview:-1\" \/>\n<link rel=\"canonical\" href=\"https:\/\/refan-lublin.pl\/index.php\/2023\/12\/18\/inspiracje-zapachowe-na-jesien-i-zime\/\" \/>\n<meta property=\"og:locale\" content=\"pl_PL\" \/>\n<meta property=\"og:type\" content=\"article\" \/>\n<meta property=\"og:title\" content=\"Inspiracje zapachowe na jesie\u0144 i zim\u0119 - Tajemnice Piel\u0119gnacji\" \/>\n<meta property=\"og:description\" content=\"Trendy zapachowe na nadchodz\u0105c\u0105 jesie\u0144 i zim\u0119 zdominowane s\u0105 przez intensywne, ciep\u0142e oraz drzewne nuty, kt\u00f3re doskonale oddaj\u0105 charakter tych p\u00f3r roku. Eleganckie i klasyczne zapachy oparte na nutach sk\u00f3ry, ambry i mchu d\u0119bowego zyskuj\u0105 na popularno\u015bci, wprowadzaj\u0105c w atmosfer\u0119 jesiennych wieczor\u00f3w i zimowych dni. Jednocze\u015bnie, perfumy inspirowane natur\u0105, zawieraj\u0105ce nuty kwiat\u00f3w egzotycznych, ekstrakt\u00f3w z owoc\u00f3w sezonowych i aromat\u00f3w zi\u00f3\u0142, nawi\u0105zuj\u0105 do barwnej jesiennej i zimowej palety natury, tworz\u0105c unikalne doznania zapachowe. Dodatkowo, nowo\u015bci perfumeryjne na sezon ch\u0142odniejszy, z ich ciep\u0142ymi i orientalnymi nutami, oraz zmys\u0142owo orze\u017awiaj\u0105cymi aromatami inspirowanymi natur\u0105, stanowi\u0105 doskona\u0142\u0105 propozycj\u0119 dla mi\u0142o\u015bnik\u00f3w nietuzinkowych zapach\u00f3w. Ostatecznie, wprowadzenie aromatycznych inspiracji do domu podczas jesiennych i zimowych dni, poprzez wyb\u00f3r odpowiednich \u015bwiec, dyfuzor\u00f3w czy olejk\u00f3w zapachowych, mo\u017ce stworzy\u0107 wyj\u0105tkow\u0105 atmosfer\u0119, nadaj\u0105c\u0105 wn\u0119trzu przytulny i relaksuj\u0105cy klimat.\" \/>\n<meta property=\"og:url\" content=\"https:\/\/refan-lublin.pl\/index.php\/2023\/12\/18\/inspiracje-zapachowe-na-jesien-i-zime\/\" \/>\n<meta property=\"og:site_name\" content=\"Tajemnice Piel\u0119gnacji\" \/>\n<meta property=\"article:published_time\" content=\"2023-12-18T06:01:15+00:00\" \/>\n<meta name=\"author\" content=\"admin\" \/>\n<meta name=\"twitter:card\" content=\"summary_large_image\" \/>\n<meta name=\"twitter:label1\" content=\"Napisane przez\" \/>\n\t<meta name=\"twitter:data1\" content=\"admin\" \/>\n\t<meta name=\"twitter:label2\" content=\"Szacowany czas czytania\" \/>\n\t<meta name=\"twitter:data2\" content=\"8 minut\" \/>\n<script type=\"application\/ld+json\" class=\"yoast-schema-graph\">{\"@context\":\"https:\/\/schema.org\",\"@graph\":[{\"@type\":\"Article\",\"@id\":\"https:\/\/refan-lublin.pl\/index.php\/2023\/12\/18\/inspiracje-zapachowe-na-jesien-i-zime\/#article\",\"isPartOf\":{\"@id\":\"https:\/\/refan-lublin.pl\/index.php\/2023\/12\/18\/inspiracje-zapachowe-na-jesien-i-zime\/\"},\"author\":{\"name\":\"admin\",\"@id\":\"https:\/\/refan-lublin.pl\/#\/schema\/person\/b601220824c73ecebc8d823ae717c131\"},\"headline\":\"Inspiracje zapachowe na jesie\u0144 i zim\u0119\",\"datePublished\":\"2023-12-18T06:01:15+00:00\",\"dateModified\":\"2023-12-18T06:01:15+00:00\",\"mainEntityOfPage\":{\"@id\":\"https:\/\/refan-lublin.pl\/index.php\/2023\/12\/18\/inspiracje-zapachowe-na-jesien-i-zime\/\"},\"wordCount\":1592,\"publisher\":{\"@id\":\"https:\/\/refan-lublin.pl\/#organization\"},\"articleSection\":[\"Nowo\u015bci Zapachowe\"],\"inLanguage\":\"pl-PL\"},{\"@type\":\"WebPage\",\"@id\":\"https:\/\/refan-lublin.pl\/index.php\/2023\/12\/18\/inspiracje-zapachowe-na-jesien-i-zime\/\",\"url\":\"https:\/\/refan-lublin.pl\/index.php\/2023\/12\/18\/inspiracje-zapachowe-na-jesien-i-zime\/\",\"name\":\"Inspiracje zapachowe na jesie\u0144 i zim\u0119 - Tajemnice Piel\u0119gnacji\",\"isPartOf\":{\"@id\":\"https:\/\/refan-lublin.pl\/#website\"},\"datePublished\":\"2023-12-18T06:01:15+00:00\",\"dateModified\":\"2023-12-18T06:01:15+00:00\",\"breadcrumb\":{\"@id\":\"https:\/\/refan-lublin.pl\/index.php\/2023\/12\/18\/inspiracje-zapachowe-na-jesien-i-zime\/#breadcrumb\"},\"inLanguage\":\"pl-PL\",\"potentialAction\":[{\"@type\":\"ReadAction\",\"target\":[\"https:\/\/refan-lublin.pl\/index.php\/2023\/12\/18\/inspiracje-zapachowe-na-jesien-i-zime\/\"]}]},{\"@type\":\"BreadcrumbList\",\"@id\":\"https:\/\/refan-lublin.pl\/index.php\/2023\/12\/18\/inspiracje-zapachowe-na-jesien-i-zime\/#breadcrumb\",\"itemListElement\":[{\"@type\":\"ListItem\",\"position\":1,\"name\":\"Strona g\u0142\u00f3wna\",\"item\":\"https:\/\/refan-lublin.pl\/\"},{\"@type\":\"ListItem\",\"position\":2,\"name\":\"Inspiracje zapachowe na jesie\u0144 i zim\u0119\"}]},{\"@type\":\"WebSite\",\"@id\":\"https:\/\/refan-lublin.pl\/#website\",\"url\":\"https:\/\/refan-lublin.pl\/\",\"name\":\"Tajemnice Piel\u0119gnacji\",\"description\":\"\",\"publisher\":{\"@id\":\"https:\/\/refan-lublin.pl\/#organization\"},\"potentialAction\":[{\"@type\":\"SearchAction\",\"target\":{\"@type\":\"EntryPoint\",\"urlTemplate\":\"https:\/\/refan-lublin.pl\/?s={search_term_string}\"},\"query-input\":\"required name=search_term_string\"}],\"inLanguage\":\"pl-PL\"},{\"@type\":\"Organization\",\"@id\":\"https:\/\/refan-lublin.pl\/#organization\",\"name\":\"Tajemnice Piel\u0119gnacji\",\"url\":\"https:\/\/refan-lublin.pl\/\",\"logo\":{\"@type\":\"ImageObject\",\"inLanguage\":\"pl-PL\",\"@id\":\"https:\/\/refan-lublin.pl\/#\/schema\/logo\/image\/\",\"url\":\"https:\/\/refan-lublin.pl\/wp-content\/uploads\/2024\/10\/tajemnice-pielgnacji-high-resolution-logo-transparent.png\",\"contentUrl\":\"https:\/\/refan-lublin.pl\/wp-content\/uploads\/2024\/10\/tajemnice-pielgnacji-high-resolution-logo-transparent.png\",\"width\":2000,\"height\":1261,\"caption\":\"Tajemnice Piel\u0119gnacji\"},\"image\":{\"@id\":\"https:\/\/refan-lublin.pl\/#\/schema\/logo\/image\/\"}},{\"@type\":\"Person\",\"@id\":\"https:\/\/refan-lublin.pl\/#\/schema\/person\/b601220824c73ecebc8d823ae717c131\",\"name\":\"admin\",\"image\":{\"@type\":\"ImageObject\",\"inLanguage\":\"pl-PL\",\"@id\":\"https:\/\/refan-lublin.pl\/#\/schema\/person\/image\/\",\"url\":\"https:\/\/secure.gravatar.com\/avatar\/20f9971feab45143e013bdc999a9ec561b2b4cea2f903352b96d2e1fd8a2655e?s=96&d=mm&r=g\",\"contentUrl\":\"https:\/\/secure.gravatar.com\/avatar\/20f9971feab45143e013bdc999a9ec561b2b4cea2f903352b96d2e1fd8a2655e?s=96&d=mm&r=g\",\"caption\":\"admin\"},\"sameAs\":[\"https:\/\/refan-lublin.pl\"],\"url\":\"https:\/\/refan-lublin.pl\/index.php\/author\/admin\/\"}]}<\/script>\n<!-- \/ Yoast SEO plugin. -->","yoast_head_json":{"title":"Inspiracje zapachowe na jesie\u0144 i zim\u0119 - Tajemnice Piel\u0119gnacji","robots":{"index":"index","follow":"follow","max-snippet":"max-snippet:-1","max-image-preview":"max-image-preview:large","max-video-preview":"max-video-preview:-1"},"canonical":"https:\/\/refan-lublin.pl\/index.php\/2023\/12\/18\/inspiracje-zapachowe-na-jesien-i-zime\/","og_locale":"pl_PL","og_type":"article","og_title":"Inspiracje zapachowe na jesie\u0144 i zim\u0119 - Tajemnice Piel\u0119gnacji","og_description":"Trendy zapachowe na nadchodz\u0105c\u0105 jesie\u0144 i zim\u0119 zdominowane s\u0105 przez intensywne, ciep\u0142e oraz drzewne nuty, kt\u00f3re doskonale oddaj\u0105 charakter tych p\u00f3r roku. Eleganckie i klasyczne zapachy oparte na nutach sk\u00f3ry, ambry i mchu d\u0119bowego zyskuj\u0105 na popularno\u015bci, wprowadzaj\u0105c w atmosfer\u0119 jesiennych wieczor\u00f3w i zimowych dni. Jednocze\u015bnie, perfumy inspirowane natur\u0105, zawieraj\u0105ce nuty kwiat\u00f3w egzotycznych, ekstrakt\u00f3w z owoc\u00f3w sezonowych i aromat\u00f3w zi\u00f3\u0142, nawi\u0105zuj\u0105 do barwnej jesiennej i zimowej palety natury, tworz\u0105c unikalne doznania zapachowe. Dodatkowo, nowo\u015bci perfumeryjne na sezon ch\u0142odniejszy, z ich ciep\u0142ymi i orientalnymi nutami, oraz zmys\u0142owo orze\u017awiaj\u0105cymi aromatami inspirowanymi natur\u0105, stanowi\u0105 doskona\u0142\u0105 propozycj\u0119 dla mi\u0142o\u015bnik\u00f3w nietuzinkowych zapach\u00f3w. Ostatecznie, wprowadzenie aromatycznych inspiracji do domu podczas jesiennych i zimowych dni, poprzez wyb\u00f3r odpowiednich \u015bwiec, dyfuzor\u00f3w czy olejk\u00f3w zapachowych, mo\u017ce stworzy\u0107 wyj\u0105tkow\u0105 atmosfer\u0119, nadaj\u0105c\u0105 wn\u0119trzu przytulny i relaksuj\u0105cy klimat.","og_url":"https:\/\/refan-lublin.pl\/index.php\/2023\/12\/18\/inspiracje-zapachowe-na-jesien-i-zime\/","og_site_name":"Tajemnice Piel\u0119gnacji","article_published_time":"2023-12-18T06:01:15+00:00","author":"admin","twitter_card":"summary_large_image","twitter_misc":{"Napisane przez":"admin","Szacowany czas czytania":"8 minut"},"schema":{"@context":"https:\/\/schema.org","@graph":[{"@type":"Article","@id":"https:\/\/refan-lublin.pl\/index.php\/2023\/12\/18\/inspiracje-zapachowe-na-jesien-i-zime\/#article","isPartOf":{"@id":"https:\/\/refan-lublin.pl\/index.php\/2023\/12\/18\/inspiracje-zapachowe-na-jesien-i-zime\/"},"author":{"name":"admin","@id":"https:\/\/refan-lublin.pl\/#\/schema\/person\/b601220824c73ecebc8d823ae717c131"},"headline":"Inspiracje zapachowe na jesie\u0144 i zim\u0119","datePublished":"2023-12-18T06:01:15+00:00","dateModified":"2023-12-18T06:01:15+00:00","mainEntityOfPage":{"@id":"https:\/\/refan-lublin.pl\/index.php\/2023\/12\/18\/inspiracje-zapachowe-na-jesien-i-zime\/"},"wordCount":1592,"publisher":{"@id":"https:\/\/refan-lublin.pl\/#organization"},"articleSection":["Nowo\u015bci Zapachowe"],"inLanguage":"pl-PL"},{"@type":"WebPage","@id":"https:\/\/refan-lublin.pl\/index.php\/2023\/12\/18\/inspiracje-zapachowe-na-jesien-i-zime\/","url":"https:\/\/refan-lublin.pl\/index.php\/2023\/12\/18\/inspiracje-zapachowe-na-jesien-i-zime\/","name":"Inspiracje zapachowe na jesie\u0144 i zim\u0119 - Tajemnice Piel\u0119gnacji","isPartOf":{"@id":"https:\/\/refan-lublin.pl\/#website"},"datePublished":"2023-12-18T06:01:15+00:00","dateModified":"2023-12-18T06:01:15+00:00","breadcrumb":{"@id":"https:\/\/refan-lublin.pl\/index.php\/2023\/12\/18\/inspiracje-zapachowe-na-jesien-i-zime\/#breadcrumb"},"inLanguage":"pl-PL","potentialAction":[{"@type":"ReadAction","target":["https:\/\/refan-lublin.pl\/index.php\/2023\/12\/18\/inspiracje-zapachowe-na-jesien-i-zime\/"]}]},{"@type":"BreadcrumbList","@id":"https:\/\/refan-lublin.pl\/index.php\/2023\/12\/18\/inspiracje-zapachowe-na-jesien-i-zime\/#breadcrumb","itemListElement":[{"@type":"ListItem","position":1,"name":"Strona g\u0142\u00f3wna","item":"https:\/\/refan-lublin.pl\/"},{"@type":"ListItem","position":2,"name":"Inspiracje zapachowe na jesie\u0144 i zim\u0119"}]},{"@type":"WebSite","@id":"https:\/\/refan-lublin.pl\/#website","url":"https:\/\/refan-lublin.pl\/","name":"Tajemnice Piel\u0119gnacji","description":"","publisher":{"@id":"https:\/\/refan-lublin.pl\/#organization"},"potentialAction":[{"@type":"SearchAction","target":{"@type":"EntryPoint","urlTemplate":"https:\/\/refan-lublin.pl\/?s={search_term_string}"},"query-input":"required name=search_term_string"}],"inLanguage":"pl-PL"},{"@type":"Organization","@id":"https:\/\/refan-lublin.pl\/#organization","name":"Tajemnice Piel\u0119gnacji","url":"https:\/\/refan-lublin.pl\/","logo":{"@type":"ImageObject","inLanguage":"pl-PL","@id":"https:\/\/refan-lublin.pl\/#\/schema\/logo\/image\/","url":"https:\/\/refan-lublin.pl\/wp-content\/uploads\/2024\/10\/tajemnice-pielgnacji-high-resolution-logo-transparent.png","contentUrl":"https:\/\/refan-lublin.pl\/wp-content\/uploads\/2024\/10\/tajemnice-pielgnacji-high-resolution-logo-transparent.png","width":2000,"height":1261,"caption":"Tajemnice Piel\u0119gnacji"},"image":{"@id":"https:\/\/refan-lublin.pl\/#\/schema\/logo\/image\/"}},{"@type":"Person","@id":"https:\/\/refan-lublin.pl\/#\/schema\/person\/b601220824c73ecebc8d823ae717c131","name":"admin","image":{"@type":"ImageObject","inLanguage":"pl-PL","@id":"https:\/\/refan-lublin.pl\/#\/schema\/person\/image\/","url":"https:\/\/secure.gravatar.com\/avatar\/20f9971feab45143e013bdc999a9ec561b2b4cea2f903352b96d2e1fd8a2655e?s=96&d=mm&r=g","contentUrl":"https:\/\/secure.gravatar.com\/avatar\/20f9971feab45143e013bdc999a9ec561b2b4cea2f903352b96d2e1fd8a2655e?s=96&d=mm&r=g","caption":"admin"},"sameAs":["https:\/\/refan-lublin.pl"],"url":"https:\/\/refan-lublin.pl\/index.php\/author\/admin\/"}]}},"_links":{"self":[{"href":"https:\/\/refan-lublin.pl\/index.php\/wp-json\/wp\/v2\/posts\/19","targetHints":{"allow":["GET"]}}],"collection":[{"href":"https:\/\/refan-lublin.pl\/index.php\/wp-json\/wp\/v2\/posts"}],"about":[{"href":"https:\/\/refan-lublin.pl\/index.php\/wp-json\/wp\/v2\/types\/post"}],"author":[{"embeddable":true,"href":"https:\/\/refan-lublin.pl\/index.php\/wp-json\/wp\/v2\/users\/1"}],"replies":[{"embeddable":true,"href":"https:\/\/refan-lublin.pl\/index.php\/wp-json\/wp\/v2\/comments?post=19"}],"version-history":[{"count":0,"href":"https:\/\/refan-lublin.pl\/index.php\/wp-json\/wp\/v2\/posts\/19\/revisions"}],"wp:featuredmedia":[{"embeddable":true,"href":"https:\/\/refan-lublin.pl\/index.php\/wp-json\/wp\/v2\/media\/18"}],"wp:attachment":[{"href":"https:\/\/refan-lublin.pl\/index.php\/wp-json\/wp\/v2\/media?parent=19"}],"wp:term":[{"taxonomy":"category","embeddable":true,"href":"https:\/\/refan-lublin.pl\/index.php\/wp-json\/wp\/v2\/categories?post=19"},{"taxonomy":"post_tag","embeddable":true,"href":"https:\/\/refan-lublin.pl\/index.php\/wp-json\/wp\/v2\/tags?post=19"}],"curies":[{"name":"wp","href":"https:\/\/api.w.org\/{rel}","templated":true}]}}