{"id":181,"date":"2025-08-30T13:09:26","date_gmt":"2025-08-30T11:09:26","guid":{"rendered":"https:\/\/refan-lublin.pl\/?p=181"},"modified":"2025-08-30T13:09:26","modified_gmt":"2025-08-30T11:09:26","slug":"trendy-kolorow-w-makijazu-odwazne-odcienie-na-sezon-wiosna-lato","status":"publish","type":"post","link":"https:\/\/refan-lublin.pl\/index.php\/2025\/08\/30\/trendy-kolorow-w-makijazu-odwazne-odcienie-na-sezon-wiosna-lato\/","title":{"rendered":"Trendy kolor\u00f3w w makija\u017cu: odwa\u017cne odcienie na sezon wiosna-lato"},"content":{"rendered":"<h2>Najgor\u0119tsze kolory sezonu wiosna-lato 2022 w makija\u017cu<\/h2>\n<p>\nNa sezon wiosna-lato 2022 w \u015bwiecie makija\u017cu kr\u00f3luj\u0105 odwa\u017cne odcienie, kt\u00f3re przyci\u0105gaj\u0105 uwag\u0119 i dodaj\u0105 wyrazisto\u015bci ka\u017cdemu lookowi. Najgor\u0119tsze kolory tego sezonu to intensywne czerwienie, soczyste pomara\u0144cze oraz zmys\u0142owe r\u00f3\u017cowe odcienie. Te jaskrawe barwy stanowi\u0105 doskona\u0142\u0105 propozycj\u0119 dla wszystkich, kt\u00f3rzy lubi\u0105 eksperymentowa\u0107 z makija\u017cem i pod\u0105\u017caj\u0105 za najnowszymi trendami.<br \/>\nIntensywna czerwie\u0144 to absolutny hit sezonu &#8211; idealna do zaznaczenia ust lub dodania mocnego akcentu na powiece. Soczyste pomara\u0144cze natomiast o\u017cywi\u0105 ka\u017cdy makija\u017c, dodaj\u0105c energii i \u015bwie\u017co\u015bci. Zmys\u0142owe r\u00f3\u017cowe odcienie, od delikatnego r\u00f3\u017cu a\u017c po intensywny fioletowy r\u00f3\u017c, b\u0119d\u0105 idealnym wyborem dla os\u00f3b poszukuj\u0105cych romantycznych, dziewcz\u0119cych look\u00f3w.<br \/>\nNie spos\u00f3b te\u017c nie wspomnie\u0107 o metalicznych odcieniach, kt\u00f3re wci\u0105\u017c pozostaj\u0105 na topie. Srebrne, z\u0142ote czy miedziane pigmenty zachwycaj\u0105 swoim blaskiem i elegancj\u0105, doskonale pasuj\u0105c do wieczorowych stylizacji.<br \/>\nNie ma w\u0105tpliwo\u015bci, \u017ce wiosna-lato 2022 to czas odwa\u017cnych kolor\u00f3w w makija\u017cu, kt\u00f3re pozwalaj\u0105 ka\u017cdej osobie wyrazi\u0107 sw\u00f3j indywidualny styl i osobowo\u015b\u0107. To idealna okazja do eksperymentowania z kolorami i tworzenia niezapomnianych, \u015bmia\u0142ych look\u00f3w.\n<\/p>\n<h2>Kreatywne sposoby wykorzystania odwa\u017cnych odcieni w makija\u017cu<\/h2>\n<p>\nOdwa\u017cne odcienie w makija\u017cu zyskuj\u0105 coraz wi\u0119ksz\u0105 popularno\u015b\u0107 w sezonie wiosna-lato. Kreatywne sposoby wykorzystania intensywnych kolor\u00f3w stanowi\u0105 obecnie kluczowy trend w \u015bwiecie beauty. W\u0142a\u015bciwe po\u0142\u0105czenie i zastosowanie odwa\u017cnych odcieni potrafi nada\u0107 wyj\u0105tkowego charakteru ca\u0142ej stylizacji.<br \/>\nW\u015br\u00f3d najgor\u0119tszych trend\u00f3w mo\u017cna wyr\u00f3\u017cni\u0107 wykorzystanie intensywnych czerwieni, pomara\u0144czy, fiolet\u00f3w, a nawet niebieskich odcieni. Cz\u0119sto widoczne s\u0105 r\u00f3wnie\u017c zaskakuj\u0105ce po\u0142\u0105czenia kolor\u00f3w, tworz\u0105ce niebanalne kompozycje.<br \/>\nW makija\u017cu oczu odwa\u017cne odcienie s\u0105 wykorzystywane zar\u00f3wno do intensywnego podkre\u015blenia spojrze\u0144, jak i do tworzenia graficznych wzor\u00f3w na powiekach. Natomiast w makija\u017cu ust, popularne staj\u0105 si\u0119 intensywne, nasycone barwy, kt\u00f3re przyci\u0105gaj\u0105 uwag\u0119.<br \/>\nNie brakuje r\u00f3wnie\u017c kreatywnych sposob\u00f3w wykorzystania po\u0142yskuj\u0105cych pigment\u00f3w czy brokatowych cieni, kt\u00f3re nadaj\u0105 makija\u017cowi niepowtarzalnego blasku i efektu glamour.<br \/>\nKluczem do udanego wykorzystania odwa\u017cnych kolor\u00f3w w makija\u017cu jest precyzja i \u015bwiadome dobieranie produkt\u00f3w. Warto eksperymentowa\u0107 z r\u00f3\u017cnymi kolorami i teksturami, by stworzy\u0107 oryginalne i wyraziste stylizacje.\n<\/p>\n<h2>Przewodnik po trendy kolor\u00f3w w makija\u017cu na nadchodz\u0105cy sezon<\/h2>\n<p>\nNadchodz\u0105cy sezon wiosna-lato przynosi ze sob\u0105 odwa\u017cne trendy kolor\u00f3w w makija\u017cu, kt\u00f3re z pewno\u015bci\u0105 zainteresuj\u0105 wielbicielki kosmetyk\u00f3w. Ju\u017c teraz wiadomo, \u017ce na topie b\u0119d\u0105 intensywne odcienie, kt\u00f3re pozwol\u0105 wyeksponowa\u0107 indywidualny styl oraz kreatywno\u015b\u0107. Przewodnik po trendach kolor\u00f3w w makija\u017cu na nadchodz\u0105cy sezon obala konwencje i zach\u0119ca do eksperymentowania z nieoczywistymi po\u0142\u0105czeniami. W\u015br\u00f3d dominuj\u0105cych kolor\u00f3w znajdziemy energetyczne odcienie czerwieni, soczyste pomara\u0144cze, wyraziste fiolety oraz zmys\u0142owe odcienie r\u00f3\u017cu. Po\u0142\u0105czenie tych kolor\u00f3w stworzy niezwyk\u0142e, oryginalne kompozycje, kt\u00f3re podkre\u015bl\u0105 charakter i osobowo\u015b\u0107 ka\u017cdej kobiety. Trendy kolor\u00f3w w makija\u017cu na nadchodz\u0105cy sezon to manifestacja indywidualno\u015bci oraz wolno\u015bci w wyra\u017caniu siebie poprzez sztuk\u0119 makija\u017cu. Pozw\u00f3lmy sobie na odrobin\u0119 szale\u0144stwa i sukcesywnie eksplorujmy kolorowy \u015bwiat kosmetyk\u00f3w, by odkry\u0107 nasz w\u0142asny styl.\n<\/p>\n<h2>Ekscytuj\u0105ce nowo\u015bci w kolorach makija\u017cu na sezon wiosna-lato<\/h2>\n<p>\nSezon wiosna-lato to czas, w kt\u00f3rym trendy w makija\u017cu stawiaj\u0105 na odwa\u017cne i ekscytuj\u0105ce kolory. W tym roku mo\u017cemy spodziewa\u0107 si\u0119 asortymentu kolor\u00f3w makija\u017cu, kt\u00f3ry przyci\u0105gnie uwag\u0119 ka\u017cdej mi\u0142o\u015bniczki kosmetyk\u00f3w. Ekscytuj\u0105ce nowo\u015bci w kolorach makija\u017cu na sezon wiosna-lato to przede wszystkim intensywne odcienie, kt\u00f3re zdominuj\u0105 trendy beauty. W\u015br\u00f3d hitowych kolor\u00f3w znajdziemy soczyst\u0105 ziele\u0144, \u015bmia\u0142e odcienie \u017c\u00f3\u0142ci, intensywn\u0105 czerwie\u0144 oraz niebieskie akcenty, kt\u00f3re b\u0119d\u0105 kr\u00f3lowa\u0107 w\u015br\u00f3d palet cieni do powiek i pomadek do ust.<\/p>\n","protected":false},"excerpt":{"rendered":"<p>Sezon wiosna-lato 2022 w makija\u017cu b\u0119dzie pe\u0142en odwa\u017cnych kolor\u00f3w, kt\u00f3re przyci\u0105gn\u0105 uwag\u0119 i dodadz\u0105 wyrazisto\u015bci ka\u017cdemu lookowi. Intensywne czerwienie, soczyste pomara\u0144cze oraz zmys\u0142owe r\u00f3\u017cowe odcienie stanowi\u0105 g\u0142\u00f3wne trendy, idealne dla os\u00f3b chc\u0105cych eksperymentowa\u0107 z makija\u017cem i pod\u0105\u017ca\u0107 za najnowszymi modowymi kierunkami. W makija\u017cu oczu odwa\u017cne odcienie s\u0105 wykorzystywane zar\u00f3wno do intensywnego podkre\u015blenia spojrze\u0144, jak i do tworzenia graficznych wzor\u00f3w na powiekach, a w makija\u017cu ust popularne staj\u0105 si\u0119 intensywne, nasycone barwy. Trendy kolor\u00f3w w makija\u017cu na nadchodz\u0105cy sezon to manifestacja indywidualno\u015bci oraz wolno\u015bci w wyra\u017caniu siebie przez sztuk\u0119 makija\u017cu, zach\u0119caj\u0105ca do pr\u00f3bowania nowych, \u015bmia\u0142ych look\u00f3w. Sezon wiosna-lato 2022 to z pewno\u015bci\u0105 czas, w kt\u00f3rym warto eksperymentowa\u0107 z kolorami i tworzy\u0107 niezapomniane stylizacje, wykorzystuj\u0105c dost\u0119pne nowo\u015bci i kreatywne po\u0142\u0105czenia barw.<\/p>\n","protected":false},"author":1,"featured_media":180,"comment_status":"closed","ping_status":"open","sticky":false,"template":"","format":"standard","meta":{"footnotes":""},"categories":[85],"tags":[],"class_list":["post-181","post","type-post","status-publish","format-standard","has-post-thumbnail","hentry","category-trendy-makijazu"],"yoast_head":"<!-- This site is optimized with the Yoast SEO plugin v20.10 - https:\/\/yoast.com\/wordpress\/plugins\/seo\/ -->\n<title>Trendy kolor\u00f3w w makija\u017cu: odwa\u017cne odcienie na sezon wiosna-lato - Tajemnice Piel\u0119gnacji<\/title>\n<meta name=\"robots\" content=\"index, follow, max-snippet:-1, max-image-preview:large, max-video-preview:-1\" \/>\n<link rel=\"canonical\" href=\"https:\/\/refan-lublin.pl\/index.php\/2025\/08\/30\/trendy-kolorow-w-makijazu-odwazne-odcienie-na-sezon-wiosna-lato\/\" \/>\n<meta property=\"og:locale\" content=\"pl_PL\" \/>\n<meta property=\"og:type\" content=\"article\" \/>\n<meta property=\"og:title\" content=\"Trendy kolor\u00f3w w makija\u017cu: odwa\u017cne odcienie na sezon wiosna-lato - Tajemnice Piel\u0119gnacji\" \/>\n<meta property=\"og:description\" content=\"Sezon wiosna-lato 2022 w makija\u017cu b\u0119dzie pe\u0142en odwa\u017cnych kolor\u00f3w, kt\u00f3re przyci\u0105gn\u0105 uwag\u0119 i dodadz\u0105 wyrazisto\u015bci ka\u017cdemu lookowi. Intensywne czerwienie, soczyste pomara\u0144cze oraz zmys\u0142owe r\u00f3\u017cowe odcienie stanowi\u0105 g\u0142\u00f3wne trendy, idealne dla os\u00f3b chc\u0105cych eksperymentowa\u0107 z makija\u017cem i pod\u0105\u017ca\u0107 za najnowszymi modowymi kierunkami. W makija\u017cu oczu odwa\u017cne odcienie s\u0105 wykorzystywane zar\u00f3wno do intensywnego podkre\u015blenia spojrze\u0144, jak i do tworzenia graficznych wzor\u00f3w na powiekach, a w makija\u017cu ust popularne staj\u0105 si\u0119 intensywne, nasycone barwy. Trendy kolor\u00f3w w makija\u017cu na nadchodz\u0105cy sezon to manifestacja indywidualno\u015bci oraz wolno\u015bci w wyra\u017caniu siebie przez sztuk\u0119 makija\u017cu, zach\u0119caj\u0105ca do pr\u00f3bowania nowych, \u015bmia\u0142ych look\u00f3w. Sezon wiosna-lato 2022 to z pewno\u015bci\u0105 czas, w kt\u00f3rym warto eksperymentowa\u0107 z kolorami i tworzy\u0107 niezapomniane stylizacje, wykorzystuj\u0105c dost\u0119pne nowo\u015bci i kreatywne po\u0142\u0105czenia barw.\" \/>\n<meta property=\"og:url\" content=\"https:\/\/refan-lublin.pl\/index.php\/2025\/08\/30\/trendy-kolorow-w-makijazu-odwazne-odcienie-na-sezon-wiosna-lato\/\" \/>\n<meta property=\"og:site_name\" content=\"Tajemnice Piel\u0119gnacji\" \/>\n<meta property=\"article:published_time\" content=\"2025-08-30T11:09:26+00:00\" \/>\n<meta property=\"og:image\" content=\"https:\/\/refan-lublin.pl\/wp-content\/uploads\/2024\/10\/post_photo-86.webp\" \/>\n\t<meta property=\"og:image:width\" content=\"1024\" \/>\n\t<meta property=\"og:image:height\" content=\"1024\" \/>\n\t<meta property=\"og:image:type\" content=\"image\/webp\" \/>\n<meta name=\"author\" content=\"admin\" \/>\n<meta name=\"twitter:card\" content=\"summary_large_image\" \/>\n<meta name=\"twitter:label1\" content=\"Napisane przez\" \/>\n\t<meta name=\"twitter:data1\" content=\"admin\" \/>\n\t<meta name=\"twitter:label2\" content=\"Szacowany czas czytania\" \/>\n\t<meta name=\"twitter:data2\" content=\"3 minuty\" \/>\n<script type=\"application\/ld+json\" class=\"yoast-schema-graph\">{\"@context\":\"https:\/\/schema.org\",\"@graph\":[{\"@type\":\"Article\",\"@id\":\"https:\/\/refan-lublin.pl\/index.php\/2025\/08\/30\/trendy-kolorow-w-makijazu-odwazne-odcienie-na-sezon-wiosna-lato\/#article\",\"isPartOf\":{\"@id\":\"https:\/\/refan-lublin.pl\/index.php\/2025\/08\/30\/trendy-kolorow-w-makijazu-odwazne-odcienie-na-sezon-wiosna-lato\/\"},\"author\":{\"name\":\"admin\",\"@id\":\"https:\/\/refan-lublin.pl\/#\/schema\/person\/b601220824c73ecebc8d823ae717c131\"},\"headline\":\"Trendy kolor\u00f3w w makija\u017cu: odwa\u017cne odcienie na sezon wiosna-lato\",\"datePublished\":\"2025-08-30T11:09:26+00:00\",\"dateModified\":\"2025-08-30T11:09:26+00:00\",\"mainEntityOfPage\":{\"@id\":\"https:\/\/refan-lublin.pl\/index.php\/2025\/08\/30\/trendy-kolorow-w-makijazu-odwazne-odcienie-na-sezon-wiosna-lato\/\"},\"wordCount\":683,\"publisher\":{\"@id\":\"https:\/\/refan-lublin.pl\/#organization\"},\"articleSection\":[\"Trendy Makija\u017cu\"],\"inLanguage\":\"pl-PL\"},{\"@type\":\"WebPage\",\"@id\":\"https:\/\/refan-lublin.pl\/index.php\/2025\/08\/30\/trendy-kolorow-w-makijazu-odwazne-odcienie-na-sezon-wiosna-lato\/\",\"url\":\"https:\/\/refan-lublin.pl\/index.php\/2025\/08\/30\/trendy-kolorow-w-makijazu-odwazne-odcienie-na-sezon-wiosna-lato\/\",\"name\":\"Trendy kolor\u00f3w w makija\u017cu: odwa\u017cne odcienie na sezon wiosna-lato - Tajemnice Piel\u0119gnacji\",\"isPartOf\":{\"@id\":\"https:\/\/refan-lublin.pl\/#website\"},\"datePublished\":\"2025-08-30T11:09:26+00:00\",\"dateModified\":\"2025-08-30T11:09:26+00:00\",\"breadcrumb\":{\"@id\":\"https:\/\/refan-lublin.pl\/index.php\/2025\/08\/30\/trendy-kolorow-w-makijazu-odwazne-odcienie-na-sezon-wiosna-lato\/#breadcrumb\"},\"inLanguage\":\"pl-PL\",\"potentialAction\":[{\"@type\":\"ReadAction\",\"target\":[\"https:\/\/refan-lublin.pl\/index.php\/2025\/08\/30\/trendy-kolorow-w-makijazu-odwazne-odcienie-na-sezon-wiosna-lato\/\"]}]},{\"@type\":\"BreadcrumbList\",\"@id\":\"https:\/\/refan-lublin.pl\/index.php\/2025\/08\/30\/trendy-kolorow-w-makijazu-odwazne-odcienie-na-sezon-wiosna-lato\/#breadcrumb\",\"itemListElement\":[{\"@type\":\"ListItem\",\"position\":1,\"name\":\"Strona g\u0142\u00f3wna\",\"item\":\"https:\/\/refan-lublin.pl\/\"},{\"@type\":\"ListItem\",\"position\":2,\"name\":\"Trendy kolor\u00f3w w makija\u017cu: odwa\u017cne odcienie na sezon wiosna-lato\"}]},{\"@type\":\"WebSite\",\"@id\":\"https:\/\/refan-lublin.pl\/#website\",\"url\":\"https:\/\/refan-lublin.pl\/\",\"name\":\"Tajemnice Piel\u0119gnacji\",\"description\":\"\",\"publisher\":{\"@id\":\"https:\/\/refan-lublin.pl\/#organization\"},\"potentialAction\":[{\"@type\":\"SearchAction\",\"target\":{\"@type\":\"EntryPoint\",\"urlTemplate\":\"https:\/\/refan-lublin.pl\/?s={search_term_string}\"},\"query-input\":\"required name=search_term_string\"}],\"inLanguage\":\"pl-PL\"},{\"@type\":\"Organization\",\"@id\":\"https:\/\/refan-lublin.pl\/#organization\",\"name\":\"Tajemnice Piel\u0119gnacji\",\"url\":\"https:\/\/refan-lublin.pl\/\",\"logo\":{\"@type\":\"ImageObject\",\"inLanguage\":\"pl-PL\",\"@id\":\"https:\/\/refan-lublin.pl\/#\/schema\/logo\/image\/\",\"url\":\"https:\/\/refan-lublin.pl\/wp-content\/uploads\/2024\/10\/tajemnice-pielgnacji-high-resolution-logo-transparent.png\",\"contentUrl\":\"https:\/\/refan-lublin.pl\/wp-content\/uploads\/2024\/10\/tajemnice-pielgnacji-high-resolution-logo-transparent.png\",\"width\":2000,\"height\":1261,\"caption\":\"Tajemnice Piel\u0119gnacji\"},\"image\":{\"@id\":\"https:\/\/refan-lublin.pl\/#\/schema\/logo\/image\/\"}},{\"@type\":\"Person\",\"@id\":\"https:\/\/refan-lublin.pl\/#\/schema\/person\/b601220824c73ecebc8d823ae717c131\",\"name\":\"admin\",\"image\":{\"@type\":\"ImageObject\",\"inLanguage\":\"pl-PL\",\"@id\":\"https:\/\/refan-lublin.pl\/#\/schema\/person\/image\/\",\"url\":\"https:\/\/secure.gravatar.com\/avatar\/20f9971feab45143e013bdc999a9ec561b2b4cea2f903352b96d2e1fd8a2655e?s=96&d=mm&r=g\",\"contentUrl\":\"https:\/\/secure.gravatar.com\/avatar\/20f9971feab45143e013bdc999a9ec561b2b4cea2f903352b96d2e1fd8a2655e?s=96&d=mm&r=g\",\"caption\":\"admin\"},\"sameAs\":[\"https:\/\/refan-lublin.pl\"],\"url\":\"https:\/\/refan-lublin.pl\/index.php\/author\/admin\/\"}]}<\/script>\n<!-- \/ Yoast SEO plugin. -->","yoast_head_json":{"title":"Trendy kolor\u00f3w w makija\u017cu: odwa\u017cne odcienie na sezon wiosna-lato - Tajemnice Piel\u0119gnacji","robots":{"index":"index","follow":"follow","max-snippet":"max-snippet:-1","max-image-preview":"max-image-preview:large","max-video-preview":"max-video-preview:-1"},"canonical":"https:\/\/refan-lublin.pl\/index.php\/2025\/08\/30\/trendy-kolorow-w-makijazu-odwazne-odcienie-na-sezon-wiosna-lato\/","og_locale":"pl_PL","og_type":"article","og_title":"Trendy kolor\u00f3w w makija\u017cu: odwa\u017cne odcienie na sezon wiosna-lato - Tajemnice Piel\u0119gnacji","og_description":"Sezon wiosna-lato 2022 w makija\u017cu b\u0119dzie pe\u0142en odwa\u017cnych kolor\u00f3w, kt\u00f3re przyci\u0105gn\u0105 uwag\u0119 i dodadz\u0105 wyrazisto\u015bci ka\u017cdemu lookowi. Intensywne czerwienie, soczyste pomara\u0144cze oraz zmys\u0142owe r\u00f3\u017cowe odcienie stanowi\u0105 g\u0142\u00f3wne trendy, idealne dla os\u00f3b chc\u0105cych eksperymentowa\u0107 z makija\u017cem i pod\u0105\u017ca\u0107 za najnowszymi modowymi kierunkami. W makija\u017cu oczu odwa\u017cne odcienie s\u0105 wykorzystywane zar\u00f3wno do intensywnego podkre\u015blenia spojrze\u0144, jak i do tworzenia graficznych wzor\u00f3w na powiekach, a w makija\u017cu ust popularne staj\u0105 si\u0119 intensywne, nasycone barwy. Trendy kolor\u00f3w w makija\u017cu na nadchodz\u0105cy sezon to manifestacja indywidualno\u015bci oraz wolno\u015bci w wyra\u017caniu siebie przez sztuk\u0119 makija\u017cu, zach\u0119caj\u0105ca do pr\u00f3bowania nowych, \u015bmia\u0142ych look\u00f3w. Sezon wiosna-lato 2022 to z pewno\u015bci\u0105 czas, w kt\u00f3rym warto eksperymentowa\u0107 z kolorami i tworzy\u0107 niezapomniane stylizacje, wykorzystuj\u0105c dost\u0119pne nowo\u015bci i kreatywne po\u0142\u0105czenia barw.","og_url":"https:\/\/refan-lublin.pl\/index.php\/2025\/08\/30\/trendy-kolorow-w-makijazu-odwazne-odcienie-na-sezon-wiosna-lato\/","og_site_name":"Tajemnice Piel\u0119gnacji","article_published_time":"2025-08-30T11:09:26+00:00","og_image":[{"width":1024,"height":1024,"url":"https:\/\/refan-lublin.pl\/wp-content\/uploads\/2024\/10\/post_photo-86.webp","type":"image\/webp"}],"author":"admin","twitter_card":"summary_large_image","twitter_misc":{"Napisane przez":"admin","Szacowany czas czytania":"3 minuty"},"schema":{"@context":"https:\/\/schema.org","@graph":[{"@type":"Article","@id":"https:\/\/refan-lublin.pl\/index.php\/2025\/08\/30\/trendy-kolorow-w-makijazu-odwazne-odcienie-na-sezon-wiosna-lato\/#article","isPartOf":{"@id":"https:\/\/refan-lublin.pl\/index.php\/2025\/08\/30\/trendy-kolorow-w-makijazu-odwazne-odcienie-na-sezon-wiosna-lato\/"},"author":{"name":"admin","@id":"https:\/\/refan-lublin.pl\/#\/schema\/person\/b601220824c73ecebc8d823ae717c131"},"headline":"Trendy kolor\u00f3w w makija\u017cu: odwa\u017cne odcienie na sezon wiosna-lato","datePublished":"2025-08-30T11:09:26+00:00","dateModified":"2025-08-30T11:09:26+00:00","mainEntityOfPage":{"@id":"https:\/\/refan-lublin.pl\/index.php\/2025\/08\/30\/trendy-kolorow-w-makijazu-odwazne-odcienie-na-sezon-wiosna-lato\/"},"wordCount":683,"publisher":{"@id":"https:\/\/refan-lublin.pl\/#organization"},"articleSection":["Trendy Makija\u017cu"],"inLanguage":"pl-PL"},{"@type":"WebPage","@id":"https:\/\/refan-lublin.pl\/index.php\/2025\/08\/30\/trendy-kolorow-w-makijazu-odwazne-odcienie-na-sezon-wiosna-lato\/","url":"https:\/\/refan-lublin.pl\/index.php\/2025\/08\/30\/trendy-kolorow-w-makijazu-odwazne-odcienie-na-sezon-wiosna-lato\/","name":"Trendy kolor\u00f3w w makija\u017cu: odwa\u017cne odcienie na sezon wiosna-lato - Tajemnice Piel\u0119gnacji","isPartOf":{"@id":"https:\/\/refan-lublin.pl\/#website"},"datePublished":"2025-08-30T11:09:26+00:00","dateModified":"2025-08-30T11:09:26+00:00","breadcrumb":{"@id":"https:\/\/refan-lublin.pl\/index.php\/2025\/08\/30\/trendy-kolorow-w-makijazu-odwazne-odcienie-na-sezon-wiosna-lato\/#breadcrumb"},"inLanguage":"pl-PL","potentialAction":[{"@type":"ReadAction","target":["https:\/\/refan-lublin.pl\/index.php\/2025\/08\/30\/trendy-kolorow-w-makijazu-odwazne-odcienie-na-sezon-wiosna-lato\/"]}]},{"@type":"BreadcrumbList","@id":"https:\/\/refan-lublin.pl\/index.php\/2025\/08\/30\/trendy-kolorow-w-makijazu-odwazne-odcienie-na-sezon-wiosna-lato\/#breadcrumb","itemListElement":[{"@type":"ListItem","position":1,"name":"Strona g\u0142\u00f3wna","item":"https:\/\/refan-lublin.pl\/"},{"@type":"ListItem","position":2,"name":"Trendy kolor\u00f3w w makija\u017cu: odwa\u017cne odcienie na sezon wiosna-lato"}]},{"@type":"WebSite","@id":"https:\/\/refan-lublin.pl\/#website","url":"https:\/\/refan-lublin.pl\/","name":"Tajemnice Piel\u0119gnacji","description":"","publisher":{"@id":"https:\/\/refan-lublin.pl\/#organization"},"potentialAction":[{"@type":"SearchAction","target":{"@type":"EntryPoint","urlTemplate":"https:\/\/refan-lublin.pl\/?s={search_term_string}"},"query-input":"required name=search_term_string"}],"inLanguage":"pl-PL"},{"@type":"Organization","@id":"https:\/\/refan-lublin.pl\/#organization","name":"Tajemnice Piel\u0119gnacji","url":"https:\/\/refan-lublin.pl\/","logo":{"@type":"ImageObject","inLanguage":"pl-PL","@id":"https:\/\/refan-lublin.pl\/#\/schema\/logo\/image\/","url":"https:\/\/refan-lublin.pl\/wp-content\/uploads\/2024\/10\/tajemnice-pielgnacji-high-resolution-logo-transparent.png","contentUrl":"https:\/\/refan-lublin.pl\/wp-content\/uploads\/2024\/10\/tajemnice-pielgnacji-high-resolution-logo-transparent.png","width":2000,"height":1261,"caption":"Tajemnice Piel\u0119gnacji"},"image":{"@id":"https:\/\/refan-lublin.pl\/#\/schema\/logo\/image\/"}},{"@type":"Person","@id":"https:\/\/refan-lublin.pl\/#\/schema\/person\/b601220824c73ecebc8d823ae717c131","name":"admin","image":{"@type":"ImageObject","inLanguage":"pl-PL","@id":"https:\/\/refan-lublin.pl\/#\/schema\/person\/image\/","url":"https:\/\/secure.gravatar.com\/avatar\/20f9971feab45143e013bdc999a9ec561b2b4cea2f903352b96d2e1fd8a2655e?s=96&d=mm&r=g","contentUrl":"https:\/\/secure.gravatar.com\/avatar\/20f9971feab45143e013bdc999a9ec561b2b4cea2f903352b96d2e1fd8a2655e?s=96&d=mm&r=g","caption":"admin"},"sameAs":["https:\/\/refan-lublin.pl"],"url":"https:\/\/refan-lublin.pl\/index.php\/author\/admin\/"}]}},"_links":{"self":[{"href":"https:\/\/refan-lublin.pl\/index.php\/wp-json\/wp\/v2\/posts\/181","targetHints":{"allow":["GET"]}}],"collection":[{"href":"https:\/\/refan-lublin.pl\/index.php\/wp-json\/wp\/v2\/posts"}],"about":[{"href":"https:\/\/refan-lublin.pl\/index.php\/wp-json\/wp\/v2\/types\/post"}],"author":[{"embeddable":true,"href":"https:\/\/refan-lublin.pl\/index.php\/wp-json\/wp\/v2\/users\/1"}],"replies":[{"embeddable":true,"href":"https:\/\/refan-lublin.pl\/index.php\/wp-json\/wp\/v2\/comments?post=181"}],"version-history":[{"count":1,"href":"https:\/\/refan-lublin.pl\/index.php\/wp-json\/wp\/v2\/posts\/181\/revisions"}],"predecessor-version":[{"id":302,"href":"https:\/\/refan-lublin.pl\/index.php\/wp-json\/wp\/v2\/posts\/181\/revisions\/302"}],"wp:featuredmedia":[{"embeddable":true,"href":"https:\/\/refan-lublin.pl\/index.php\/wp-json\/wp\/v2\/media\/180"}],"wp:attachment":[{"href":"https:\/\/refan-lublin.pl\/index.php\/wp-json\/wp\/v2\/media?parent=181"}],"wp:term":[{"taxonomy":"category","embeddable":true,"href":"https:\/\/refan-lublin.pl\/index.php\/wp-json\/wp\/v2\/categories?post=181"},{"taxonomy":"post_tag","embeddable":true,"href":"https:\/\/refan-lublin.pl\/index.php\/wp-json\/wp\/v2\/tags?post=181"}],"curies":[{"name":"wp","href":"https:\/\/api.w.org\/{rel}","templated":true}]}}