{"id":179,"date":"2025-08-22T09:56:51","date_gmt":"2025-08-22T07:56:51","guid":{"rendered":"https:\/\/refan-lublin.pl\/?p=179"},"modified":"2025-08-22T09:56:51","modified_gmt":"2025-08-22T07:56:51","slug":"pielegnacja-wlosow-w-zimowej-aurze","status":"publish","type":"post","link":"https:\/\/refan-lublin.pl\/index.php\/2025\/08\/22\/pielegnacja-wlosow-w-zimowej-aurze\/","title":{"rendered":"Piel\u0119gnacja W\u0142os\u00f3w w Zimowej Aurze"},"content":{"rendered":"<h2>Najlepsze sposoby na piel\u0119gnacj\u0119 w\u0142os\u00f3w zim\u0105<\/h2>\n<p>Piel\u0119gnacja w\u0142os\u00f3w zim\u0105 wymaga szczeg\u00f3lnej uwagi, poniewa\u017c niskie temperatury, wiatr oraz suche powietrze mog\u0105 negatywnie wp\u0142ywa\u0107 na kondycj\u0119 naszych w\u0142os\u00f3w. Dlatego warto pozna\u0107 najlepsze sposoby na zadbanie o nasz\u0105 fryzur\u0119 w trudnych warunkach pogodowych.<\/p>\n<p>Pierwszym krokiem do skutecznej piel\u0119gnacji w\u0142os\u00f3w zim\u0105 jest stosowanie nawil\u017caj\u0105cych szampon\u00f3w oraz od\u017cywek. Suche powietrze w pomieszczeniach oraz zimowe warunki atmosferyczne mog\u0105 prowadzi\u0107 do utraty wilgoci z w\u0142os\u00f3w, dlatego istotne jest regularne nawil\u017canie ich odpowiednimi kosmetykami. Wa\u017cne jest r\u00f3wnie\u017c unikanie gor\u0105cej wody podczas mycia w\u0142os\u00f3w, poniewa\u017c wysoka temperatura mo\u017ce dodatkowo je wysusza\u0107.<\/p>\n<p>Kolejnym istotnym krokiem jest ograniczenie u\u017cywania suszarki do w\u0142os\u00f3w oraz prostownicy czy lok\u00f3wki. Te narz\u0119dzia mog\u0105 dodatkowo wysusza\u0107 w\u0142osy i sprawia\u0107, \u017ce staj\u0105 si\u0119 kruche i \u0142amliwe. Zamiast tego, warto pozostawi\u0107 w\u0142osy do naturalnego wyschni\u0119cia lub u\u017cywa\u0107 suszarki w trybie ch\u0142odnym. Dodatkowo, warto stosowa\u0107 od\u017cywki bez sp\u0142ukiwania oraz maski nawil\u017caj\u0105ce, kt\u00f3re ochroni\u0105 w\u0142osy przed niekorzystnym wp\u0142ywem niskich temperatur.<\/p>\n<p>Nie zapominajmy r\u00f3wnie\u017c o odpowiednim od\u017cywianiu, kt\u00f3re ma wp\u0142yw na kondycj\u0119 w\u0142os\u00f3w. Dieta bogata w witaminy i minera\u0142y, zw\u0142aszcza z grupy B, C, E oraz mikroelementy takie jak cynk czy \u017celazo, wspiera zdrowie naszych w\u0142os\u00f3w. Warto si\u0119gn\u0105\u0107 po produkty bogate w te sk\u0142adniki, takie jak orzechy, jajka, ryby czy warzywa li\u015bciaste.<\/p>\n<p>Dba\u0142o\u015b\u0107 o odpowiedni\u0105 piel\u0119gnacj\u0119 w\u0142os\u00f3w zim\u0105 mo\u017ce przynie\u015b\u0107 wymierne efekty i sprawi\u0107, \u017ce nasza fryzura b\u0119dzie promienna i zdrowa, pomimo trudnych warunk\u00f3w pogodowych. Warto zatem zadba\u0107 o odpowiedni\u0105 piel\u0119gnacj\u0119 ju\u017c teraz, korzystaj\u0105c z najlepszych sposob\u00f3w na piel\u0119gnacj\u0119 w\u0142os\u00f3w w zimowej aurze.<\/p>\n<h2>Zimowe problemy &#8211; jak dba\u0107 o w\u0142osy w mro\u017ane dni<\/h2>\n<p>W zimowej aurze, w\u0142osy cz\u0119sto nara\u017cone s\u0105 na wiele problem\u00f3w, takich jak sucho\u015b\u0107, \u0142amliwo\u015b\u0107 i elektryzowanie. Jak zatem dba\u0107 o w\u0142osy w mro\u017ane dni, aby utrzyma\u0107 ich zdrowie i pi\u0119kny wygl\u0105d? Istnieje kilka skutecznych sposob\u00f3w na piel\u0119gnacj\u0119 w\u0142os\u00f3w w zimie. Po pierwsze, nale\u017cy unika\u0107 cz\u0119stego mycia w\u0142os\u00f3w, poniewa\u017c zimowe powietrze jest ju\u017c wystarczaj\u0105co suche, a nadmierne mycie mo\u017ce dodatkowo osuszy\u0107 sk\u00f3r\u0119 g\u0142owy i w\u0142osy. Zamiast tego, warto skorzysta\u0107 z od\u017cywek i masek nawil\u017caj\u0105cych, kt\u00f3re pomog\u0105 wzmocni\u0107 struktur\u0119 w\u0142os\u00f3w i nada\u0107 im zdrowy wygl\u0105d. Dodatkowo, regularne stosowanie od\u017cywek termoochronnych zabezpieczy w\u0142osy przed szkodliwym dzia\u0142aniem mrozu, wiatru i ogrzewania domowego. Bez wzgl\u0119du na por\u0119 roku, wa\u017cne jest r\u00f3wnie\u017c picie odpowiedniej ilo\u015bci wody, kt\u00f3ra wp\u0142ywa korzystnie na nawil\u017cenie sk\u00f3ry i w\u0142os\u00f3w od wewn\u0105trz. Dbanie o odpowiednie nawodnienie organizmu ma istotny wp\u0142yw na kondycj\u0119 w\u0142os\u00f3w. Pami\u0119tajmy wi\u0119c, \u017ce dbaj\u0105c o nasze w\u0142osy w zimie, mo\u017cemy cieszy\u0107 si\u0119 pi\u0119knym, zdrowym fryzurem nawet w najbardziej mro\u017ane dni.<\/p>\n<h2>Skuteczne metody ochrony w\u0142os\u00f3w przed warunkami atmosferycznymi zim\u0105<\/h2>\n<p>\nPiel\u0119gnacja w\u0142os\u00f3w w zimowej aurze stanowi wyzwanie dla wielu os\u00f3b, poniewa\u017c niska temperatura, wiatr i wilgo\u0107 mog\u0105 znacz\u0105co wp\u0142yn\u0105\u0107 na kondycj\u0119 naszych w\u0142os\u00f3w. W\u0142a\u015bciwa ochrona przed warunkami atmosferycznymi jest zatem kluczowa dla utrzymania zdrowej i pi\u0119knej fryzury w okresie zimowym.<br \/>\nAby skutecznie chroni\u0107 w\u0142osy przed szkodliwymi warunkami atmosferycznymi zim\u0105, warto zastosowa\u0107 kilka sprawdzonych metod. Po pierwsze, warto inwestowa\u0107 w wysokiej jako\u015bci nakrycia g\u0142owy, takie jak czapki, szaliki czy kominy, kt\u00f3re ochroni\u0105 w\u0142osy przed wiatrem i mrozem. Dodatkowo, warto wybiera\u0107 te dodatki w naturalnych materia\u0142ach, aby unikn\u0105\u0107 elektryzowania si\u0119 w\u0142os\u00f3w.<br \/>\nWa\u017cnym krokiem w ochronie w\u0142os\u00f3w zim\u0105 jest stosowanie od\u017cywek i masek, kt\u00f3re zapewni\u0105 im dodatkow\u0105 ochron\u0119 i nawil\u017cenie. Zimowe warunki atmosferyczne mog\u0105 prowadzi\u0107 do nadmiernego wysuszenia w\u0142os\u00f3w, dlatego regularne stosowanie od\u017cywek oraz masek nawil\u017caj\u0105cych pomo\u017ce zachowa\u0107 ich elastyczno\u015b\u0107 i blask.<br \/>\nKolejnym istotnym aspektem ochrony w\u0142os\u00f3w zim\u0105 jest ograniczenie stosowania urz\u0105dze\u0144 do stylizacji ciep\u0142em, takich jak suszarki i prostownice. Wysoka temperatura mo\u017ce dodatkowo os\u0142abi\u0107 struktur\u0119 w\u0142os\u00f3w, dlatego warto ograniczy\u0107 ich u\u017cywanie, a w miar\u0119 mo\u017cliwo\u015bci korzysta\u0107 z metod stylizacji bez u\u017cycia ciep\u0142a.<br \/>\nPodsumowuj\u0105c, skuteczne metody ochrony w\u0142os\u00f3w przed warunkami atmosferycznymi zim\u0105 obejmuj\u0105 stosowanie odpowiednich nakry\u0107 g\u0142owy, regularne stosowanie od\u017cywek i masek nawil\u017caj\u0105cych oraz ograniczenie u\u017cywania urz\u0105dze\u0144 do stylizacji ciep\u0142em. Dzi\u0119ki tym zabiegom mo\u017cna efektywnie chroni\u0107 w\u0142osy przed negatywnym wp\u0142ywem zimowej aury i cieszy\u0107 si\u0119 zdrow\u0105, l\u015bni\u0105c\u0105 fryzur\u0105 przez ca\u0142y okres zimy.\n<\/p>\n<h2>Wskaz\u00f3wki ekspert\u00f3w na zachowanie zdrowych w\u0142os\u00f3w w okresie zimowym<\/h2>\n<p>Zima jest szczeg\u00f3lnie trudnym okresem dla w\u0142os\u00f3w, poniewa\u017c niska temperatura, wiatr i suche powietrze w pomieszczeniach mog\u0105 prowadzi\u0107 do ich os\u0142abienia i \u0142amliwo\u015bci. Dlatego wa\u017cne jest, aby zadba\u0107 o odpowiedni\u0105 piel\u0119gnacj\u0119 w\u0142os\u00f3w w okresie zimowym. Wskaz\u00f3wki ekspert\u00f3w obejmuj\u0105 regularne nawil\u017canie w\u0142os\u00f3w, unikanie cz\u0119stego mycia, stosowanie od\u017cywek i olejk\u00f3w, a tak\u017ce ochron\u0119 przed szkodliwym dzia\u0142aniem czynnik\u00f3w atmosferycznych. Eksperci zalecaj\u0105 r\u00f3wnie\u017c stosowanie nakry\u0107 g\u0142owy, takich jak czapki czy chusty, aby chroni\u0107 w\u0142osy przed mrozem i wiatrem. Wa\u017cne jest r\u00f3wnie\u017c, aby odpowiednio dba\u0107 o sk\u00f3r\u0119 g\u0142owy, stosuj\u0105c delikatne szampony i unikaj\u0105c gor\u0105cej wody podczas mycia w\u0142os\u00f3w, co mo\u017ce prowadzi\u0107 do przesuszenia sk\u00f3ry. Wreszcie, zdrowa dieta, bogata w sk\u0142adniki od\u017cywcze, ma pozytywny wp\u0142yw na kondycj\u0119 w\u0142os\u00f3w w okresie zimowym. \u0141\u0105cz\u0105c te wskaz\u00f3wki ekspert\u00f3w, mo\u017cna skutecznie zadba\u0107 o zdrowe i pi\u0119kne w\u0142osy nawet w trudnych warunkach zimowej aury.<\/p>\n","protected":false},"excerpt":{"rendered":"<p>Artyku\u0142 przedstawia skuteczne sposoby piel\u0119gnacji w\u0142os\u00f3w zim\u0105, podkre\u015blaj\u0105c negatywny wp\u0142yw niskich temperatur, wiatru i suchego powietrza na stan w\u0142os\u00f3w. Zaleca stosowanie nawil\u017caj\u0105cych szampon\u00f3w i od\u017cywek, unikanie gor\u0105cej wody podczas mycia oraz ograniczenie korzystania z suszarki, prostownicy i lok\u00f3wki. Dodatkowo artyku\u0142 podkre\u015bla znaczenie odpowiedniej diety bogatej w witaminy i minera\u0142y, aby wspom\u00f3c zdrowie w\u0142os\u00f3w. Zwraca uwag\u0119, \u017ce piel\u0119gnacja jest kluczowa nie tylko dla zachowania pi\u0119knej fryzury, ale r\u00f3wnie\u017c dla zdrowia w\u0142os\u00f3w w mro\u017ane dni, zach\u0119caj\u0105c do stosowania przedstawionych metod piel\u0119gnacji. Dodatkowo om\u00f3wiono efektywne metody ochrony w\u0142os\u00f3w przed negatywnym wp\u0142ywem warunk\u00f3w atmosferycznych, jak nakrycia g\u0142owy wykonane z naturalnych materia\u0142\u00f3w. Ca\u0142o\u015b\u0107 artyku\u0142u sk\u0142ania do w\u0142a\u015bciwej piel\u0119gnacji w\u0142os\u00f3w, aby cieszy\u0107 si\u0119 zdrow\u0105 i promienn\u0105 fryzur\u0105, pomimo trudnych warunk\u00f3w pogodowych.<\/p>\n","protected":false},"author":1,"featured_media":178,"comment_status":"closed","ping_status":"open","sticky":false,"template":"","format":"standard","meta":{"footnotes":""},"categories":[82],"tags":[],"class_list":["post-179","post","type-post","status-publish","format-standard","has-post-thumbnail","hentry","category-pielegnacja-wlosow"],"yoast_head":"<!-- This site is optimized with the Yoast SEO plugin v20.10 - https:\/\/yoast.com\/wordpress\/plugins\/seo\/ -->\n<title>Piel\u0119gnacja W\u0142os\u00f3w w Zimowej Aurze - Tajemnice Piel\u0119gnacji<\/title>\n<meta name=\"robots\" content=\"index, follow, max-snippet:-1, max-image-preview:large, max-video-preview:-1\" \/>\n<link rel=\"canonical\" href=\"https:\/\/refan-lublin.pl\/index.php\/2025\/08\/22\/pielegnacja-wlosow-w-zimowej-aurze\/\" \/>\n<meta property=\"og:locale\" content=\"pl_PL\" \/>\n<meta property=\"og:type\" content=\"article\" \/>\n<meta property=\"og:title\" content=\"Piel\u0119gnacja W\u0142os\u00f3w w Zimowej Aurze - Tajemnice Piel\u0119gnacji\" \/>\n<meta property=\"og:description\" content=\"Artyku\u0142 przedstawia skuteczne sposoby piel\u0119gnacji w\u0142os\u00f3w zim\u0105, podkre\u015blaj\u0105c negatywny wp\u0142yw niskich temperatur, wiatru i suchego powietrza na stan w\u0142os\u00f3w. Zaleca stosowanie nawil\u017caj\u0105cych szampon\u00f3w i od\u017cywek, unikanie gor\u0105cej wody podczas mycia oraz ograniczenie korzystania z suszarki, prostownicy i lok\u00f3wki. Dodatkowo artyku\u0142 podkre\u015bla znaczenie odpowiedniej diety bogatej w witaminy i minera\u0142y, aby wspom\u00f3c zdrowie w\u0142os\u00f3w. Zwraca uwag\u0119, \u017ce piel\u0119gnacja jest kluczowa nie tylko dla zachowania pi\u0119knej fryzury, ale r\u00f3wnie\u017c dla zdrowia w\u0142os\u00f3w w mro\u017ane dni, zach\u0119caj\u0105c do stosowania przedstawionych metod piel\u0119gnacji. Dodatkowo om\u00f3wiono efektywne metody ochrony w\u0142os\u00f3w przed negatywnym wp\u0142ywem warunk\u00f3w atmosferycznych, jak nakrycia g\u0142owy wykonane z naturalnych materia\u0142\u00f3w. Ca\u0142o\u015b\u0107 artyku\u0142u sk\u0142ania do w\u0142a\u015bciwej piel\u0119gnacji w\u0142os\u00f3w, aby cieszy\u0107 si\u0119 zdrow\u0105 i promienn\u0105 fryzur\u0105, pomimo trudnych warunk\u00f3w pogodowych.\" \/>\n<meta property=\"og:url\" content=\"https:\/\/refan-lublin.pl\/index.php\/2025\/08\/22\/pielegnacja-wlosow-w-zimowej-aurze\/\" \/>\n<meta property=\"og:site_name\" content=\"Tajemnice Piel\u0119gnacji\" \/>\n<meta property=\"article:published_time\" content=\"2025-08-22T07:56:51+00:00\" \/>\n<meta property=\"og:image\" content=\"https:\/\/refan-lublin.pl\/wp-content\/uploads\/2024\/10\/post_photo-85.webp\" \/>\n\t<meta property=\"og:image:width\" content=\"1024\" \/>\n\t<meta property=\"og:image:height\" content=\"1024\" \/>\n\t<meta property=\"og:image:type\" content=\"image\/webp\" \/>\n<meta name=\"author\" content=\"admin\" \/>\n<meta name=\"twitter:card\" content=\"summary_large_image\" \/>\n<meta name=\"twitter:label1\" content=\"Napisane przez\" \/>\n\t<meta name=\"twitter:data1\" content=\"admin\" \/>\n\t<meta name=\"twitter:label2\" content=\"Szacowany czas czytania\" \/>\n\t<meta name=\"twitter:data2\" content=\"5 minut\" \/>\n<script type=\"application\/ld+json\" class=\"yoast-schema-graph\">{\"@context\":\"https:\/\/schema.org\",\"@graph\":[{\"@type\":\"Article\",\"@id\":\"https:\/\/refan-lublin.pl\/index.php\/2025\/08\/22\/pielegnacja-wlosow-w-zimowej-aurze\/#article\",\"isPartOf\":{\"@id\":\"https:\/\/refan-lublin.pl\/index.php\/2025\/08\/22\/pielegnacja-wlosow-w-zimowej-aurze\/\"},\"author\":{\"name\":\"admin\",\"@id\":\"https:\/\/refan-lublin.pl\/#\/schema\/person\/b601220824c73ecebc8d823ae717c131\"},\"headline\":\"Piel\u0119gnacja W\u0142os\u00f3w w Zimowej Aurze\",\"datePublished\":\"2025-08-22T07:56:51+00:00\",\"dateModified\":\"2025-08-22T07:56:51+00:00\",\"mainEntityOfPage\":{\"@id\":\"https:\/\/refan-lublin.pl\/index.php\/2025\/08\/22\/pielegnacja-wlosow-w-zimowej-aurze\/\"},\"wordCount\":1015,\"publisher\":{\"@id\":\"https:\/\/refan-lublin.pl\/#organization\"},\"articleSection\":[\"Piel\u0119gnacja W\u0142os\u00f3w\"],\"inLanguage\":\"pl-PL\"},{\"@type\":\"WebPage\",\"@id\":\"https:\/\/refan-lublin.pl\/index.php\/2025\/08\/22\/pielegnacja-wlosow-w-zimowej-aurze\/\",\"url\":\"https:\/\/refan-lublin.pl\/index.php\/2025\/08\/22\/pielegnacja-wlosow-w-zimowej-aurze\/\",\"name\":\"Piel\u0119gnacja W\u0142os\u00f3w w Zimowej Aurze - Tajemnice Piel\u0119gnacji\",\"isPartOf\":{\"@id\":\"https:\/\/refan-lublin.pl\/#website\"},\"datePublished\":\"2025-08-22T07:56:51+00:00\",\"dateModified\":\"2025-08-22T07:56:51+00:00\",\"breadcrumb\":{\"@id\":\"https:\/\/refan-lublin.pl\/index.php\/2025\/08\/22\/pielegnacja-wlosow-w-zimowej-aurze\/#breadcrumb\"},\"inLanguage\":\"pl-PL\",\"potentialAction\":[{\"@type\":\"ReadAction\",\"target\":[\"https:\/\/refan-lublin.pl\/index.php\/2025\/08\/22\/pielegnacja-wlosow-w-zimowej-aurze\/\"]}]},{\"@type\":\"BreadcrumbList\",\"@id\":\"https:\/\/refan-lublin.pl\/index.php\/2025\/08\/22\/pielegnacja-wlosow-w-zimowej-aurze\/#breadcrumb\",\"itemListElement\":[{\"@type\":\"ListItem\",\"position\":1,\"name\":\"Strona g\u0142\u00f3wna\",\"item\":\"https:\/\/refan-lublin.pl\/\"},{\"@type\":\"ListItem\",\"position\":2,\"name\":\"Piel\u0119gnacja W\u0142os\u00f3w w Zimowej Aurze\"}]},{\"@type\":\"WebSite\",\"@id\":\"https:\/\/refan-lublin.pl\/#website\",\"url\":\"https:\/\/refan-lublin.pl\/\",\"name\":\"Tajemnice Piel\u0119gnacji\",\"description\":\"\",\"publisher\":{\"@id\":\"https:\/\/refan-lublin.pl\/#organization\"},\"potentialAction\":[{\"@type\":\"SearchAction\",\"target\":{\"@type\":\"EntryPoint\",\"urlTemplate\":\"https:\/\/refan-lublin.pl\/?s={search_term_string}\"},\"query-input\":\"required name=search_term_string\"}],\"inLanguage\":\"pl-PL\"},{\"@type\":\"Organization\",\"@id\":\"https:\/\/refan-lublin.pl\/#organization\",\"name\":\"Tajemnice Piel\u0119gnacji\",\"url\":\"https:\/\/refan-lublin.pl\/\",\"logo\":{\"@type\":\"ImageObject\",\"inLanguage\":\"pl-PL\",\"@id\":\"https:\/\/refan-lublin.pl\/#\/schema\/logo\/image\/\",\"url\":\"https:\/\/refan-lublin.pl\/wp-content\/uploads\/2024\/10\/tajemnice-pielgnacji-high-resolution-logo-transparent.png\",\"contentUrl\":\"https:\/\/refan-lublin.pl\/wp-content\/uploads\/2024\/10\/tajemnice-pielgnacji-high-resolution-logo-transparent.png\",\"width\":2000,\"height\":1261,\"caption\":\"Tajemnice Piel\u0119gnacji\"},\"image\":{\"@id\":\"https:\/\/refan-lublin.pl\/#\/schema\/logo\/image\/\"}},{\"@type\":\"Person\",\"@id\":\"https:\/\/refan-lublin.pl\/#\/schema\/person\/b601220824c73ecebc8d823ae717c131\",\"name\":\"admin\",\"image\":{\"@type\":\"ImageObject\",\"inLanguage\":\"pl-PL\",\"@id\":\"https:\/\/refan-lublin.pl\/#\/schema\/person\/image\/\",\"url\":\"https:\/\/secure.gravatar.com\/avatar\/20f9971feab45143e013bdc999a9ec561b2b4cea2f903352b96d2e1fd8a2655e?s=96&d=mm&r=g\",\"contentUrl\":\"https:\/\/secure.gravatar.com\/avatar\/20f9971feab45143e013bdc999a9ec561b2b4cea2f903352b96d2e1fd8a2655e?s=96&d=mm&r=g\",\"caption\":\"admin\"},\"sameAs\":[\"https:\/\/refan-lublin.pl\"],\"url\":\"https:\/\/refan-lublin.pl\/index.php\/author\/admin\/\"}]}<\/script>\n<!-- \/ Yoast SEO plugin. -->","yoast_head_json":{"title":"Piel\u0119gnacja W\u0142os\u00f3w w Zimowej Aurze - Tajemnice Piel\u0119gnacji","robots":{"index":"index","follow":"follow","max-snippet":"max-snippet:-1","max-image-preview":"max-image-preview:large","max-video-preview":"max-video-preview:-1"},"canonical":"https:\/\/refan-lublin.pl\/index.php\/2025\/08\/22\/pielegnacja-wlosow-w-zimowej-aurze\/","og_locale":"pl_PL","og_type":"article","og_title":"Piel\u0119gnacja W\u0142os\u00f3w w Zimowej Aurze - Tajemnice Piel\u0119gnacji","og_description":"Artyku\u0142 przedstawia skuteczne sposoby piel\u0119gnacji w\u0142os\u00f3w zim\u0105, podkre\u015blaj\u0105c negatywny wp\u0142yw niskich temperatur, wiatru i suchego powietrza na stan w\u0142os\u00f3w. Zaleca stosowanie nawil\u017caj\u0105cych szampon\u00f3w i od\u017cywek, unikanie gor\u0105cej wody podczas mycia oraz ograniczenie korzystania z suszarki, prostownicy i lok\u00f3wki. Dodatkowo artyku\u0142 podkre\u015bla znaczenie odpowiedniej diety bogatej w witaminy i minera\u0142y, aby wspom\u00f3c zdrowie w\u0142os\u00f3w. Zwraca uwag\u0119, \u017ce piel\u0119gnacja jest kluczowa nie tylko dla zachowania pi\u0119knej fryzury, ale r\u00f3wnie\u017c dla zdrowia w\u0142os\u00f3w w mro\u017ane dni, zach\u0119caj\u0105c do stosowania przedstawionych metod piel\u0119gnacji. Dodatkowo om\u00f3wiono efektywne metody ochrony w\u0142os\u00f3w przed negatywnym wp\u0142ywem warunk\u00f3w atmosferycznych, jak nakrycia g\u0142owy wykonane z naturalnych materia\u0142\u00f3w. Ca\u0142o\u015b\u0107 artyku\u0142u sk\u0142ania do w\u0142a\u015bciwej piel\u0119gnacji w\u0142os\u00f3w, aby cieszy\u0107 si\u0119 zdrow\u0105 i promienn\u0105 fryzur\u0105, pomimo trudnych warunk\u00f3w pogodowych.","og_url":"https:\/\/refan-lublin.pl\/index.php\/2025\/08\/22\/pielegnacja-wlosow-w-zimowej-aurze\/","og_site_name":"Tajemnice Piel\u0119gnacji","article_published_time":"2025-08-22T07:56:51+00:00","og_image":[{"width":1024,"height":1024,"url":"https:\/\/refan-lublin.pl\/wp-content\/uploads\/2024\/10\/post_photo-85.webp","type":"image\/webp"}],"author":"admin","twitter_card":"summary_large_image","twitter_misc":{"Napisane przez":"admin","Szacowany czas czytania":"5 minut"},"schema":{"@context":"https:\/\/schema.org","@graph":[{"@type":"Article","@id":"https:\/\/refan-lublin.pl\/index.php\/2025\/08\/22\/pielegnacja-wlosow-w-zimowej-aurze\/#article","isPartOf":{"@id":"https:\/\/refan-lublin.pl\/index.php\/2025\/08\/22\/pielegnacja-wlosow-w-zimowej-aurze\/"},"author":{"name":"admin","@id":"https:\/\/refan-lublin.pl\/#\/schema\/person\/b601220824c73ecebc8d823ae717c131"},"headline":"Piel\u0119gnacja W\u0142os\u00f3w w Zimowej Aurze","datePublished":"2025-08-22T07:56:51+00:00","dateModified":"2025-08-22T07:56:51+00:00","mainEntityOfPage":{"@id":"https:\/\/refan-lublin.pl\/index.php\/2025\/08\/22\/pielegnacja-wlosow-w-zimowej-aurze\/"},"wordCount":1015,"publisher":{"@id":"https:\/\/refan-lublin.pl\/#organization"},"articleSection":["Piel\u0119gnacja W\u0142os\u00f3w"],"inLanguage":"pl-PL"},{"@type":"WebPage","@id":"https:\/\/refan-lublin.pl\/index.php\/2025\/08\/22\/pielegnacja-wlosow-w-zimowej-aurze\/","url":"https:\/\/refan-lublin.pl\/index.php\/2025\/08\/22\/pielegnacja-wlosow-w-zimowej-aurze\/","name":"Piel\u0119gnacja W\u0142os\u00f3w w Zimowej Aurze - Tajemnice Piel\u0119gnacji","isPartOf":{"@id":"https:\/\/refan-lublin.pl\/#website"},"datePublished":"2025-08-22T07:56:51+00:00","dateModified":"2025-08-22T07:56:51+00:00","breadcrumb":{"@id":"https:\/\/refan-lublin.pl\/index.php\/2025\/08\/22\/pielegnacja-wlosow-w-zimowej-aurze\/#breadcrumb"},"inLanguage":"pl-PL","potentialAction":[{"@type":"ReadAction","target":["https:\/\/refan-lublin.pl\/index.php\/2025\/08\/22\/pielegnacja-wlosow-w-zimowej-aurze\/"]}]},{"@type":"BreadcrumbList","@id":"https:\/\/refan-lublin.pl\/index.php\/2025\/08\/22\/pielegnacja-wlosow-w-zimowej-aurze\/#breadcrumb","itemListElement":[{"@type":"ListItem","position":1,"name":"Strona g\u0142\u00f3wna","item":"https:\/\/refan-lublin.pl\/"},{"@type":"ListItem","position":2,"name":"Piel\u0119gnacja W\u0142os\u00f3w w Zimowej Aurze"}]},{"@type":"WebSite","@id":"https:\/\/refan-lublin.pl\/#website","url":"https:\/\/refan-lublin.pl\/","name":"Tajemnice Piel\u0119gnacji","description":"","publisher":{"@id":"https:\/\/refan-lublin.pl\/#organization"},"potentialAction":[{"@type":"SearchAction","target":{"@type":"EntryPoint","urlTemplate":"https:\/\/refan-lublin.pl\/?s={search_term_string}"},"query-input":"required name=search_term_string"}],"inLanguage":"pl-PL"},{"@type":"Organization","@id":"https:\/\/refan-lublin.pl\/#organization","name":"Tajemnice Piel\u0119gnacji","url":"https:\/\/refan-lublin.pl\/","logo":{"@type":"ImageObject","inLanguage":"pl-PL","@id":"https:\/\/refan-lublin.pl\/#\/schema\/logo\/image\/","url":"https:\/\/refan-lublin.pl\/wp-content\/uploads\/2024\/10\/tajemnice-pielgnacji-high-resolution-logo-transparent.png","contentUrl":"https:\/\/refan-lublin.pl\/wp-content\/uploads\/2024\/10\/tajemnice-pielgnacji-high-resolution-logo-transparent.png","width":2000,"height":1261,"caption":"Tajemnice Piel\u0119gnacji"},"image":{"@id":"https:\/\/refan-lublin.pl\/#\/schema\/logo\/image\/"}},{"@type":"Person","@id":"https:\/\/refan-lublin.pl\/#\/schema\/person\/b601220824c73ecebc8d823ae717c131","name":"admin","image":{"@type":"ImageObject","inLanguage":"pl-PL","@id":"https:\/\/refan-lublin.pl\/#\/schema\/person\/image\/","url":"https:\/\/secure.gravatar.com\/avatar\/20f9971feab45143e013bdc999a9ec561b2b4cea2f903352b96d2e1fd8a2655e?s=96&d=mm&r=g","contentUrl":"https:\/\/secure.gravatar.com\/avatar\/20f9971feab45143e013bdc999a9ec561b2b4cea2f903352b96d2e1fd8a2655e?s=96&d=mm&r=g","caption":"admin"},"sameAs":["https:\/\/refan-lublin.pl"],"url":"https:\/\/refan-lublin.pl\/index.php\/author\/admin\/"}]}},"_links":{"self":[{"href":"https:\/\/refan-lublin.pl\/index.php\/wp-json\/wp\/v2\/posts\/179","targetHints":{"allow":["GET"]}}],"collection":[{"href":"https:\/\/refan-lublin.pl\/index.php\/wp-json\/wp\/v2\/posts"}],"about":[{"href":"https:\/\/refan-lublin.pl\/index.php\/wp-json\/wp\/v2\/types\/post"}],"author":[{"embeddable":true,"href":"https:\/\/refan-lublin.pl\/index.php\/wp-json\/wp\/v2\/users\/1"}],"replies":[{"embeddable":true,"href":"https:\/\/refan-lublin.pl\/index.php\/wp-json\/wp\/v2\/comments?post=179"}],"version-history":[{"count":1,"href":"https:\/\/refan-lublin.pl\/index.php\/wp-json\/wp\/v2\/posts\/179\/revisions"}],"predecessor-version":[{"id":301,"href":"https:\/\/refan-lublin.pl\/index.php\/wp-json\/wp\/v2\/posts\/179\/revisions\/301"}],"wp:featuredmedia":[{"embeddable":true,"href":"https:\/\/refan-lublin.pl\/index.php\/wp-json\/wp\/v2\/media\/178"}],"wp:attachment":[{"href":"https:\/\/refan-lublin.pl\/index.php\/wp-json\/wp\/v2\/media?parent=179"}],"wp:term":[{"taxonomy":"category","embeddable":true,"href":"https:\/\/refan-lublin.pl\/index.php\/wp-json\/wp\/v2\/categories?post=179"},{"taxonomy":"post_tag","embeddable":true,"href":"https:\/\/refan-lublin.pl\/index.php\/wp-json\/wp\/v2\/tags?post=179"}],"curies":[{"name":"wp","href":"https:\/\/api.w.org\/{rel}","templated":true}]}}