{"id":167,"date":"2025-07-05T03:12:25","date_gmt":"2025-07-05T01:12:25","guid":{"rendered":"https:\/\/refan-lublin.pl\/?p=167"},"modified":"2025-07-05T03:12:25","modified_gmt":"2025-07-05T01:12:25","slug":"najnowsze-trendy-w-makijazu-swiezy-i-naturalny-wyglad","status":"publish","type":"post","link":"https:\/\/refan-lublin.pl\/index.php\/2025\/07\/05\/najnowsze-trendy-w-makijazu-swiezy-i-naturalny-wyglad\/","title":{"rendered":"Najnowsze trendy w makija\u017cu: \u015bwie\u017cy i naturalny wygl\u0105d"},"content":{"rendered":"<h2>Dziennikarskie spojrzenie na makija\u017c<\/h2>\n<p>Najnowsze trendy w makija\u017cu k\u0142ad\u0105 nacisk na \u015bwie\u017cy i naturalny wygl\u0105d, kt\u00f3ry podkre\u015bla naturalne pi\u0119kno i skupia si\u0119 na aspekcie zdrowego i promiennego wygl\u0105du sk\u00f3ry. Ten nowy nurt w makija\u017cu zdobywa coraz wi\u0119ksz\u0105 popularno\u015b\u0107 zar\u00f3wno w\u015br\u00f3d profesjonalnych makija\u017cyst\u00f3w, jak i w\u015br\u00f3d os\u00f3b zainteresowanych kosmetyk\u0105. Dziennikarskie spojrzenie na ten trend ukazuje, \u017ce obecnie priorytetem jest stworzenie makija\u017cu, kt\u00f3ry wydaje si\u0119 by\u0107 jak najbardziej naturalny, jednocze\u015bnie koryguj\u0105c niedoskona\u0142o\u015bci i podkre\u015blaj\u0105c atuty.<\/p>\n<p>Podstaw\u0105 \u015bwie\u017cego i naturalnego makija\u017cu jest w\u0142a\u015bciwa piel\u0119gnacja sk\u00f3ry. Dbanie o odpowiednie nawil\u017cenie i ochron\u0119 sk\u00f3ry przed szkodliwym dzia\u0142aniem promieni s\u0142onecznych staje si\u0119 kluczowym elementem, kt\u00f3ry wp\u0142ywa na ostateczny efekt makija\u017cu. W tym kontek\u015bcie coraz wi\u0119ksz\u0105 popularno\u015b\u0107 zyskuj\u0105 kosmetyki nawil\u017caj\u0105ce o lekkiej konsystencji oraz produkty z filtrem UV, kt\u00f3re chroni\u0105 sk\u00f3r\u0119 przed fotostarzeniem.<\/p>\n<p>Nadaj\u0105c naturalny wygl\u0105d, makija\u017cystki staraj\u0105 si\u0119 wykorzysta\u0107 produkty o lekkiej konsystencji, kt\u00f3re subtelnie podkre\u015blaj\u0105 cechy twarzy, jednocze\u015bnie nie zatykaj\u0105c por\u00f3w i nie obci\u0105\u017caj\u0105c sk\u00f3ry. Do tego celu doskonale nadaj\u0105 si\u0119 delikatne podk\u0142ady, kremy BB oraz r\u00f3\u017ce w kremie, kt\u00f3re zapewniaj\u0105 naturalny efekt &#8222;sunkissed&#8221;.<\/p>\n<p>W kontek\u015bcie dzisiejszych trend\u00f3w, makija\u017c \u015bwie\u017cy i pe\u0142en naturalno\u015bci staje si\u0119 wa\u017cnym elementem codziennej rutyny kosmetycznej. Doskonale pokazuje on jak praca dziennikarska w dziedzinie urody mo\u017ce ukazywa\u0107 nowe trendy i inspiracje w zakresie makija\u017cu, kt\u00f3re k\u0142ad\u0105 nacisk na pi\u0119kno indywidualne i naturalne wygl\u0105d.<\/p>\n<h2>Naturalno\u015b\u0107 w nowoczesnym makija\u017cu<\/h2>\n<p>Najnowsze trendy w makija\u017cu skupiaj\u0105 si\u0119 na promowaniu \u015bwie\u017cego i naturalnego wygl\u0105du, przede wszystkim podkre\u015blaj\u0105c naturalno\u015b\u0107 w nowoczesnym makija\u017cu. W dzisiejszych czasach coraz wi\u0119ksz\u0105 popularno\u015b\u0107 zdobywaj\u0105 minimalne zdobienia twarzy oraz delikatne podkre\u015blenie naturalnych atut\u00f3w. Matowe podk\u0142ady zast\u0119powane s\u0105 przez lekkie formu\u0142y, kt\u00f3re pozwalaj\u0105 sk\u00f3rze oddycha\u0107, a makija\u017c nie zatyka por\u00f3w. Wa\u017cnym elementem nowoczesnego makija\u017cu jest r\u00f3wnie\u017c u\u017cycie naturalnych kosmetyk\u00f3w, kt\u00f3re s\u0105 przyjazne dla sk\u00f3ry i nie zawieraj\u0105 szkodliwych substancji. Dzi\u0119ki temu makija\u017c nie tylko wygl\u0105da naturalnie, ale r\u00f3wnie\u017c korzystnie wp\u0142ywa na stan sk\u00f3ry. Trend naturalnego makija\u017cu to tak\u017ce subtelne podkre\u015blenie oczu za pomoc\u0105 delikatnego cieniowania i wyrazistej maskary, zamiast ci\u0119\u017ckich kontur\u00f3w i dramatycznych efekt\u00f3w. Ca\u0142o\u015b\u0107 dope\u0142niaj\u0105 delikatne odcienie r\u00f3\u017cu na policzkach oraz b\u0142yszczyki, kt\u00f3re nadaj\u0105 usta zdrowy i promienny wygl\u0105d. Dzi\u0119ki tym nowoczesnym praktykom makija\u017cowym kobiety mog\u0105 podkre\u015bli\u0107 swoje naturalne pi\u0119kno, unikaj\u0105c przy tym efektu przerysowania i nadmiernego maskowania.<\/p>\n<h2>Sekrety \u015bwie\u017cego wygl\u0105du w makija\u017cu<\/h2>\n<p>W ostatnich latach zauwa\u017calny jest wzrost popularno\u015bci naturalnego makija\u017cu, skupiaj\u0105cego si\u0119 g\u0142\u00f3wnie na podkre\u015bleniu pi\u0119kna naturalnego wygl\u0105du. Sekretem \u015bwie\u017cego i naturalnego makija\u017cu jest odpowiednia piel\u0119gnacja sk\u00f3ry oraz umiej\u0119tne wykorzystanie kosmetyk\u00f3w. Podstaw\u0105 jest regularne oczyszczanie sk\u00f3ry oraz stosowanie nawil\u017caj\u0105cych krem\u00f3w, kt\u00f3re sprawi\u0105, \u017ce nasza cera b\u0119dzie promienna i zdrowa. W makija\u017cu warto postawi\u0107 na lekkie podk\u0142ady, kt\u00f3re r\u00f3wnomiernie rozprowadz\u0105 si\u0119 na sk\u00f3rze. Unikalnym elementem \u015bwie\u017cego wygl\u0105du jest r\u00f3wnie\u017c odpowiednio dobrany kolor r\u00f3\u017cu do policzk\u00f3w oraz b\u0142yszczyk do ust, kt\u00f3re sprawi\u0105, \u017ce ca\u0142y makija\u017c wyda si\u0119 bardziej naturalny. Najnowsze trendy w makija\u017cu skupiaj\u0105 si\u0119 w\u0142a\u015bnie na wydobyciu naturalnego pi\u0119kna, co oznacza, \u017ce mniej jest wi\u0119cej. Dbanie o sk\u00f3r\u0119 i lekki makija\u017c to klucz do osi\u0105gni\u0119cia zdrowego i promiennego wygl\u0105du, kt\u00f3ry jest obecnie bardzo po\u017c\u0105dany.<\/p>\n<h2>Trendy makija\u017cowe: powr\u00f3t do natury<\/h2>\n<p>Najnowsze trendy w makija\u017cu stawiaj\u0105 g\u0142\u00f3wnie na \u015bwie\u017cy i naturalny wygl\u0105d, skupiaj\u0105c si\u0119 na podkre\u015bleniu indywidualnych cech twarzy. Ostatnio obserwujemy powr\u00f3t do natury, zar\u00f3wno pod k\u0105tem sk\u0142adnik\u00f3w kosmetyk\u00f3w, jak i samego efektu ko\u0144cowego. Makija\u017c naturalny zyskuje coraz wi\u0119ksz\u0105 popularno\u015b\u0107, a marki kosmetyczne rozwijaj\u0105 swoje linie w kierunku produkt\u00f3w o lekkich formu\u0142ach, kt\u00f3re podkre\u015blaj\u0105 naturalne pi\u0119kno, nie zas\u0142aniaj\u0105c go.<\/p>\n","protected":false},"excerpt":{"rendered":"<p>Najnowsze trendy w makija\u017cu k\u0142ad\u0105 nacisk na \u015bwie\u017cy i naturalny wygl\u0105d, podkre\u015blaj\u0105c naturalne pi\u0119kno i zdrowy aspekt sk\u00f3ry. Makija\u017cistki i pasjonaci kosmetyki wykorzystuj\u0105 lekkie, nawil\u017caj\u0105ce produkty i minimalne zdobienia twarzy. Stosuj\u0105 delikatne podk\u0142ady, r\u00f3\u017ce w kremie i produkty z filtrem UV, by uzyska\u0107 naturalny efekt &#8222;sunkissed&#8221;. Nowoczesny makija\u017c skupia si\u0119 na subtelnych podkre\u015bleniach oczu i naturalnych atutach, z u\u017cyciem kosmetyk\u00f3w przyjaznych dla sk\u00f3ry. Trend naturalnego makija\u017cu promuje naturalne pi\u0119kno i zdrowy wygl\u0105d, podkre\u015blaj\u0105c, \u017ce mniej znaczy wi\u0119cej. Odpowiednia piel\u0119gnacja sk\u00f3ry oraz lekki makija\u017c to klucz do zdrowego i promiennego wygl\u0105du, kt\u00f3ry jest obecnie bardzo po\u017c\u0105dany. Artyku\u0142 szczeg\u00f3\u0142owo omawia te trendy, stawiaj\u0105c na \u015bwie\u017cy i naturalny wygl\u0105d, a jednocze\u015bnie k\u0142ad\u0105c nacisk na indywidualne pi\u0119kno.<\/p>\n","protected":false},"author":1,"featured_media":166,"comment_status":"closed","ping_status":"open","sticky":false,"template":"","format":"standard","meta":{"footnotes":""},"categories":[85],"tags":[],"class_list":["post-167","post","type-post","status-publish","format-standard","has-post-thumbnail","hentry","category-trendy-makijazu"],"yoast_head":"<!-- This site is optimized with the Yoast SEO plugin v20.10 - https:\/\/yoast.com\/wordpress\/plugins\/seo\/ -->\n<title>Najnowsze trendy w makija\u017cu: \u015bwie\u017cy i naturalny wygl\u0105d - Tajemnice Piel\u0119gnacji<\/title>\n<meta name=\"robots\" content=\"index, follow, max-snippet:-1, max-image-preview:large, max-video-preview:-1\" \/>\n<link rel=\"canonical\" href=\"https:\/\/refan-lublin.pl\/index.php\/2025\/07\/05\/najnowsze-trendy-w-makijazu-swiezy-i-naturalny-wyglad\/\" \/>\n<meta property=\"og:locale\" content=\"pl_PL\" \/>\n<meta property=\"og:type\" content=\"article\" \/>\n<meta property=\"og:title\" content=\"Najnowsze trendy w makija\u017cu: \u015bwie\u017cy i naturalny wygl\u0105d - Tajemnice Piel\u0119gnacji\" \/>\n<meta property=\"og:description\" content=\"Najnowsze trendy w makija\u017cu k\u0142ad\u0105 nacisk na \u015bwie\u017cy i naturalny wygl\u0105d, podkre\u015blaj\u0105c naturalne pi\u0119kno i zdrowy aspekt sk\u00f3ry. Makija\u017cistki i pasjonaci kosmetyki wykorzystuj\u0105 lekkie, nawil\u017caj\u0105ce produkty i minimalne zdobienia twarzy. Stosuj\u0105 delikatne podk\u0142ady, r\u00f3\u017ce w kremie i produkty z filtrem UV, by uzyska\u0107 naturalny efekt &quot;sunkissed&quot;. Nowoczesny makija\u017c skupia si\u0119 na subtelnych podkre\u015bleniach oczu i naturalnych atutach, z u\u017cyciem kosmetyk\u00f3w przyjaznych dla sk\u00f3ry. Trend naturalnego makija\u017cu promuje naturalne pi\u0119kno i zdrowy wygl\u0105d, podkre\u015blaj\u0105c, \u017ce mniej znaczy wi\u0119cej. Odpowiednia piel\u0119gnacja sk\u00f3ry oraz lekki makija\u017c to klucz do zdrowego i promiennego wygl\u0105du, kt\u00f3ry jest obecnie bardzo po\u017c\u0105dany. Artyku\u0142 szczeg\u00f3\u0142owo omawia te trendy, stawiaj\u0105c na \u015bwie\u017cy i naturalny wygl\u0105d, a jednocze\u015bnie k\u0142ad\u0105c nacisk na indywidualne pi\u0119kno.\" \/>\n<meta property=\"og:url\" content=\"https:\/\/refan-lublin.pl\/index.php\/2025\/07\/05\/najnowsze-trendy-w-makijazu-swiezy-i-naturalny-wyglad\/\" \/>\n<meta property=\"og:site_name\" content=\"Tajemnice Piel\u0119gnacji\" \/>\n<meta property=\"article:published_time\" content=\"2025-07-05T01:12:25+00:00\" \/>\n<meta property=\"og:image\" content=\"https:\/\/refan-lublin.pl\/wp-content\/uploads\/2024\/10\/post_photo-79.webp\" \/>\n\t<meta property=\"og:image:width\" content=\"1024\" \/>\n\t<meta property=\"og:image:height\" content=\"1024\" \/>\n\t<meta property=\"og:image:type\" content=\"image\/webp\" \/>\n<meta name=\"author\" content=\"admin\" \/>\n<meta name=\"twitter:card\" content=\"summary_large_image\" \/>\n<meta name=\"twitter:label1\" content=\"Napisane przez\" \/>\n\t<meta name=\"twitter:data1\" content=\"admin\" \/>\n\t<meta name=\"twitter:label2\" content=\"Szacowany czas czytania\" \/>\n\t<meta name=\"twitter:data2\" content=\"4 minuty\" \/>\n<script type=\"application\/ld+json\" class=\"yoast-schema-graph\">{\"@context\":\"https:\/\/schema.org\",\"@graph\":[{\"@type\":\"Article\",\"@id\":\"https:\/\/refan-lublin.pl\/index.php\/2025\/07\/05\/najnowsze-trendy-w-makijazu-swiezy-i-naturalny-wyglad\/#article\",\"isPartOf\":{\"@id\":\"https:\/\/refan-lublin.pl\/index.php\/2025\/07\/05\/najnowsze-trendy-w-makijazu-swiezy-i-naturalny-wyglad\/\"},\"author\":{\"name\":\"admin\",\"@id\":\"https:\/\/refan-lublin.pl\/#\/schema\/person\/b601220824c73ecebc8d823ae717c131\"},\"headline\":\"Najnowsze trendy w makija\u017cu: \u015bwie\u017cy i naturalny wygl\u0105d\",\"datePublished\":\"2025-07-05T01:12:25+00:00\",\"dateModified\":\"2025-07-05T01:12:25+00:00\",\"mainEntityOfPage\":{\"@id\":\"https:\/\/refan-lublin.pl\/index.php\/2025\/07\/05\/najnowsze-trendy-w-makijazu-swiezy-i-naturalny-wyglad\/\"},\"wordCount\":743,\"publisher\":{\"@id\":\"https:\/\/refan-lublin.pl\/#organization\"},\"articleSection\":[\"Trendy Makija\u017cu\"],\"inLanguage\":\"pl-PL\"},{\"@type\":\"WebPage\",\"@id\":\"https:\/\/refan-lublin.pl\/index.php\/2025\/07\/05\/najnowsze-trendy-w-makijazu-swiezy-i-naturalny-wyglad\/\",\"url\":\"https:\/\/refan-lublin.pl\/index.php\/2025\/07\/05\/najnowsze-trendy-w-makijazu-swiezy-i-naturalny-wyglad\/\",\"name\":\"Najnowsze trendy w makija\u017cu: \u015bwie\u017cy i naturalny wygl\u0105d - Tajemnice Piel\u0119gnacji\",\"isPartOf\":{\"@id\":\"https:\/\/refan-lublin.pl\/#website\"},\"datePublished\":\"2025-07-05T01:12:25+00:00\",\"dateModified\":\"2025-07-05T01:12:25+00:00\",\"breadcrumb\":{\"@id\":\"https:\/\/refan-lublin.pl\/index.php\/2025\/07\/05\/najnowsze-trendy-w-makijazu-swiezy-i-naturalny-wyglad\/#breadcrumb\"},\"inLanguage\":\"pl-PL\",\"potentialAction\":[{\"@type\":\"ReadAction\",\"target\":[\"https:\/\/refan-lublin.pl\/index.php\/2025\/07\/05\/najnowsze-trendy-w-makijazu-swiezy-i-naturalny-wyglad\/\"]}]},{\"@type\":\"BreadcrumbList\",\"@id\":\"https:\/\/refan-lublin.pl\/index.php\/2025\/07\/05\/najnowsze-trendy-w-makijazu-swiezy-i-naturalny-wyglad\/#breadcrumb\",\"itemListElement\":[{\"@type\":\"ListItem\",\"position\":1,\"name\":\"Strona g\u0142\u00f3wna\",\"item\":\"https:\/\/refan-lublin.pl\/\"},{\"@type\":\"ListItem\",\"position\":2,\"name\":\"Najnowsze trendy w makija\u017cu: \u015bwie\u017cy i naturalny wygl\u0105d\"}]},{\"@type\":\"WebSite\",\"@id\":\"https:\/\/refan-lublin.pl\/#website\",\"url\":\"https:\/\/refan-lublin.pl\/\",\"name\":\"Tajemnice Piel\u0119gnacji\",\"description\":\"\",\"publisher\":{\"@id\":\"https:\/\/refan-lublin.pl\/#organization\"},\"potentialAction\":[{\"@type\":\"SearchAction\",\"target\":{\"@type\":\"EntryPoint\",\"urlTemplate\":\"https:\/\/refan-lublin.pl\/?s={search_term_string}\"},\"query-input\":\"required name=search_term_string\"}],\"inLanguage\":\"pl-PL\"},{\"@type\":\"Organization\",\"@id\":\"https:\/\/refan-lublin.pl\/#organization\",\"name\":\"Tajemnice Piel\u0119gnacji\",\"url\":\"https:\/\/refan-lublin.pl\/\",\"logo\":{\"@type\":\"ImageObject\",\"inLanguage\":\"pl-PL\",\"@id\":\"https:\/\/refan-lublin.pl\/#\/schema\/logo\/image\/\",\"url\":\"https:\/\/refan-lublin.pl\/wp-content\/uploads\/2024\/10\/tajemnice-pielgnacji-high-resolution-logo-transparent.png\",\"contentUrl\":\"https:\/\/refan-lublin.pl\/wp-content\/uploads\/2024\/10\/tajemnice-pielgnacji-high-resolution-logo-transparent.png\",\"width\":2000,\"height\":1261,\"caption\":\"Tajemnice Piel\u0119gnacji\"},\"image\":{\"@id\":\"https:\/\/refan-lublin.pl\/#\/schema\/logo\/image\/\"}},{\"@type\":\"Person\",\"@id\":\"https:\/\/refan-lublin.pl\/#\/schema\/person\/b601220824c73ecebc8d823ae717c131\",\"name\":\"admin\",\"image\":{\"@type\":\"ImageObject\",\"inLanguage\":\"pl-PL\",\"@id\":\"https:\/\/refan-lublin.pl\/#\/schema\/person\/image\/\",\"url\":\"https:\/\/secure.gravatar.com\/avatar\/20f9971feab45143e013bdc999a9ec561b2b4cea2f903352b96d2e1fd8a2655e?s=96&d=mm&r=g\",\"contentUrl\":\"https:\/\/secure.gravatar.com\/avatar\/20f9971feab45143e013bdc999a9ec561b2b4cea2f903352b96d2e1fd8a2655e?s=96&d=mm&r=g\",\"caption\":\"admin\"},\"sameAs\":[\"https:\/\/refan-lublin.pl\"],\"url\":\"https:\/\/refan-lublin.pl\/index.php\/author\/admin\/\"}]}<\/script>\n<!-- \/ Yoast SEO plugin. -->","yoast_head_json":{"title":"Najnowsze trendy w makija\u017cu: \u015bwie\u017cy i naturalny wygl\u0105d - Tajemnice Piel\u0119gnacji","robots":{"index":"index","follow":"follow","max-snippet":"max-snippet:-1","max-image-preview":"max-image-preview:large","max-video-preview":"max-video-preview:-1"},"canonical":"https:\/\/refan-lublin.pl\/index.php\/2025\/07\/05\/najnowsze-trendy-w-makijazu-swiezy-i-naturalny-wyglad\/","og_locale":"pl_PL","og_type":"article","og_title":"Najnowsze trendy w makija\u017cu: \u015bwie\u017cy i naturalny wygl\u0105d - Tajemnice Piel\u0119gnacji","og_description":"Najnowsze trendy w makija\u017cu k\u0142ad\u0105 nacisk na \u015bwie\u017cy i naturalny wygl\u0105d, podkre\u015blaj\u0105c naturalne pi\u0119kno i zdrowy aspekt sk\u00f3ry. Makija\u017cistki i pasjonaci kosmetyki wykorzystuj\u0105 lekkie, nawil\u017caj\u0105ce produkty i minimalne zdobienia twarzy. Stosuj\u0105 delikatne podk\u0142ady, r\u00f3\u017ce w kremie i produkty z filtrem UV, by uzyska\u0107 naturalny efekt \"sunkissed\". Nowoczesny makija\u017c skupia si\u0119 na subtelnych podkre\u015bleniach oczu i naturalnych atutach, z u\u017cyciem kosmetyk\u00f3w przyjaznych dla sk\u00f3ry. Trend naturalnego makija\u017cu promuje naturalne pi\u0119kno i zdrowy wygl\u0105d, podkre\u015blaj\u0105c, \u017ce mniej znaczy wi\u0119cej. Odpowiednia piel\u0119gnacja sk\u00f3ry oraz lekki makija\u017c to klucz do zdrowego i promiennego wygl\u0105du, kt\u00f3ry jest obecnie bardzo po\u017c\u0105dany. Artyku\u0142 szczeg\u00f3\u0142owo omawia te trendy, stawiaj\u0105c na \u015bwie\u017cy i naturalny wygl\u0105d, a jednocze\u015bnie k\u0142ad\u0105c nacisk na indywidualne pi\u0119kno.","og_url":"https:\/\/refan-lublin.pl\/index.php\/2025\/07\/05\/najnowsze-trendy-w-makijazu-swiezy-i-naturalny-wyglad\/","og_site_name":"Tajemnice Piel\u0119gnacji","article_published_time":"2025-07-05T01:12:25+00:00","og_image":[{"width":1024,"height":1024,"url":"https:\/\/refan-lublin.pl\/wp-content\/uploads\/2024\/10\/post_photo-79.webp","type":"image\/webp"}],"author":"admin","twitter_card":"summary_large_image","twitter_misc":{"Napisane przez":"admin","Szacowany czas czytania":"4 minuty"},"schema":{"@context":"https:\/\/schema.org","@graph":[{"@type":"Article","@id":"https:\/\/refan-lublin.pl\/index.php\/2025\/07\/05\/najnowsze-trendy-w-makijazu-swiezy-i-naturalny-wyglad\/#article","isPartOf":{"@id":"https:\/\/refan-lublin.pl\/index.php\/2025\/07\/05\/najnowsze-trendy-w-makijazu-swiezy-i-naturalny-wyglad\/"},"author":{"name":"admin","@id":"https:\/\/refan-lublin.pl\/#\/schema\/person\/b601220824c73ecebc8d823ae717c131"},"headline":"Najnowsze trendy w makija\u017cu: \u015bwie\u017cy i naturalny wygl\u0105d","datePublished":"2025-07-05T01:12:25+00:00","dateModified":"2025-07-05T01:12:25+00:00","mainEntityOfPage":{"@id":"https:\/\/refan-lublin.pl\/index.php\/2025\/07\/05\/najnowsze-trendy-w-makijazu-swiezy-i-naturalny-wyglad\/"},"wordCount":743,"publisher":{"@id":"https:\/\/refan-lublin.pl\/#organization"},"articleSection":["Trendy Makija\u017cu"],"inLanguage":"pl-PL"},{"@type":"WebPage","@id":"https:\/\/refan-lublin.pl\/index.php\/2025\/07\/05\/najnowsze-trendy-w-makijazu-swiezy-i-naturalny-wyglad\/","url":"https:\/\/refan-lublin.pl\/index.php\/2025\/07\/05\/najnowsze-trendy-w-makijazu-swiezy-i-naturalny-wyglad\/","name":"Najnowsze trendy w makija\u017cu: \u015bwie\u017cy i naturalny wygl\u0105d - Tajemnice Piel\u0119gnacji","isPartOf":{"@id":"https:\/\/refan-lublin.pl\/#website"},"datePublished":"2025-07-05T01:12:25+00:00","dateModified":"2025-07-05T01:12:25+00:00","breadcrumb":{"@id":"https:\/\/refan-lublin.pl\/index.php\/2025\/07\/05\/najnowsze-trendy-w-makijazu-swiezy-i-naturalny-wyglad\/#breadcrumb"},"inLanguage":"pl-PL","potentialAction":[{"@type":"ReadAction","target":["https:\/\/refan-lublin.pl\/index.php\/2025\/07\/05\/najnowsze-trendy-w-makijazu-swiezy-i-naturalny-wyglad\/"]}]},{"@type":"BreadcrumbList","@id":"https:\/\/refan-lublin.pl\/index.php\/2025\/07\/05\/najnowsze-trendy-w-makijazu-swiezy-i-naturalny-wyglad\/#breadcrumb","itemListElement":[{"@type":"ListItem","position":1,"name":"Strona g\u0142\u00f3wna","item":"https:\/\/refan-lublin.pl\/"},{"@type":"ListItem","position":2,"name":"Najnowsze trendy w makija\u017cu: \u015bwie\u017cy i naturalny wygl\u0105d"}]},{"@type":"WebSite","@id":"https:\/\/refan-lublin.pl\/#website","url":"https:\/\/refan-lublin.pl\/","name":"Tajemnice Piel\u0119gnacji","description":"","publisher":{"@id":"https:\/\/refan-lublin.pl\/#organization"},"potentialAction":[{"@type":"SearchAction","target":{"@type":"EntryPoint","urlTemplate":"https:\/\/refan-lublin.pl\/?s={search_term_string}"},"query-input":"required name=search_term_string"}],"inLanguage":"pl-PL"},{"@type":"Organization","@id":"https:\/\/refan-lublin.pl\/#organization","name":"Tajemnice Piel\u0119gnacji","url":"https:\/\/refan-lublin.pl\/","logo":{"@type":"ImageObject","inLanguage":"pl-PL","@id":"https:\/\/refan-lublin.pl\/#\/schema\/logo\/image\/","url":"https:\/\/refan-lublin.pl\/wp-content\/uploads\/2024\/10\/tajemnice-pielgnacji-high-resolution-logo-transparent.png","contentUrl":"https:\/\/refan-lublin.pl\/wp-content\/uploads\/2024\/10\/tajemnice-pielgnacji-high-resolution-logo-transparent.png","width":2000,"height":1261,"caption":"Tajemnice Piel\u0119gnacji"},"image":{"@id":"https:\/\/refan-lublin.pl\/#\/schema\/logo\/image\/"}},{"@type":"Person","@id":"https:\/\/refan-lublin.pl\/#\/schema\/person\/b601220824c73ecebc8d823ae717c131","name":"admin","image":{"@type":"ImageObject","inLanguage":"pl-PL","@id":"https:\/\/refan-lublin.pl\/#\/schema\/person\/image\/","url":"https:\/\/secure.gravatar.com\/avatar\/20f9971feab45143e013bdc999a9ec561b2b4cea2f903352b96d2e1fd8a2655e?s=96&d=mm&r=g","contentUrl":"https:\/\/secure.gravatar.com\/avatar\/20f9971feab45143e013bdc999a9ec561b2b4cea2f903352b96d2e1fd8a2655e?s=96&d=mm&r=g","caption":"admin"},"sameAs":["https:\/\/refan-lublin.pl"],"url":"https:\/\/refan-lublin.pl\/index.php\/author\/admin\/"}]}},"_links":{"self":[{"href":"https:\/\/refan-lublin.pl\/index.php\/wp-json\/wp\/v2\/posts\/167","targetHints":{"allow":["GET"]}}],"collection":[{"href":"https:\/\/refan-lublin.pl\/index.php\/wp-json\/wp\/v2\/posts"}],"about":[{"href":"https:\/\/refan-lublin.pl\/index.php\/wp-json\/wp\/v2\/types\/post"}],"author":[{"embeddable":true,"href":"https:\/\/refan-lublin.pl\/index.php\/wp-json\/wp\/v2\/users\/1"}],"replies":[{"embeddable":true,"href":"https:\/\/refan-lublin.pl\/index.php\/wp-json\/wp\/v2\/comments?post=167"}],"version-history":[{"count":1,"href":"https:\/\/refan-lublin.pl\/index.php\/wp-json\/wp\/v2\/posts\/167\/revisions"}],"predecessor-version":[{"id":291,"href":"https:\/\/refan-lublin.pl\/index.php\/wp-json\/wp\/v2\/posts\/167\/revisions\/291"}],"wp:featuredmedia":[{"embeddable":true,"href":"https:\/\/refan-lublin.pl\/index.php\/wp-json\/wp\/v2\/media\/166"}],"wp:attachment":[{"href":"https:\/\/refan-lublin.pl\/index.php\/wp-json\/wp\/v2\/media?parent=167"}],"wp:term":[{"taxonomy":"category","embeddable":true,"href":"https:\/\/refan-lublin.pl\/index.php\/wp-json\/wp\/v2\/categories?post=167"},{"taxonomy":"post_tag","embeddable":true,"href":"https:\/\/refan-lublin.pl\/index.php\/wp-json\/wp\/v2\/tags?post=167"}],"curies":[{"name":"wp","href":"https:\/\/api.w.org\/{rel}","templated":true}]}}