{"id":155,"date":"2025-07-05T20:53:53","date_gmt":"2025-07-05T18:53:53","guid":{"rendered":"https:\/\/refan-lublin.pl\/?p=155"},"modified":"2025-07-05T20:53:53","modified_gmt":"2025-07-05T18:53:53","slug":"najnowsze-trendy-w-makijazu-co-bedzie-modnym-w-sezonie","status":"publish","type":"post","link":"https:\/\/refan-lublin.pl\/index.php\/2025\/07\/05\/najnowsze-trendy-w-makijazu-co-bedzie-modnym-w-sezonie\/","title":{"rendered":"Najnowsze trendy w makija\u017cu: co b\u0119dzie modnym w sezonie"},"content":{"rendered":"<h2>Najnowsze trendy w makija\u017cu w sezonie wiosna-lato 2022<\/h2>\n<p>W sezonie wiosna-lato 2022 mo\u017cemy spodziewa\u0107 si\u0119 wielu nowo\u015bci w makija\u017cu, kt\u00f3re b\u0119d\u0105 kierowa\u0107 trendy w tej dziedzinie. Jednym z kluczowych element\u00f3w tegorocznej mody b\u0119dzie naturalno\u015b\u0107. Delikatny, lekki makija\u017c podkre\u015blaj\u0105cy naturalne pi\u0119kno sk\u00f3ry b\u0119dzie zdecydowanie na topie. Wa\u017cne b\u0119dzie zachowanie r\u00f3wnowagi mi\u0119dzy minimalizmem a eksperymentowaniem z kolorami i formami.<\/p>\n<p>Kolejnym mocnym trendem b\u0119d\u0105 delikatne pastelowe odcienie. Zar\u00f3wno na powiekach, jak i na ustach b\u0119dziemy mogli podziwia\u0107 subtelne r\u00f3\u017cne, fiolety, brzoskwiniowe czy delikatne b\u0142\u0119kity. To doskona\u0142e rozwi\u0105zanie dla os\u00f3b, kt\u00f3re ceni\u0105 sobie stonowane, urocze i romantyczne wizerunki.<\/p>\n<p>Oczy b\u0119d\u0105 r\u00f3wnie\u017c odgrywa\u0107 znacz\u0105c\u0105 rol\u0119. Modne b\u0119d\u0105 zabiegi takie jak clear skin &#8211; czyli perfekcyjne, g\u0142adkie okolice oczu, kt\u00f3re nie wymagaj\u0105 zbyt du\u017cego nak\u0142adu kosmetyk\u00f3w. Z drugiej strony, makija\u017cowe trendy wskazuj\u0105 r\u00f3wnie\u017c na eksperymentowanie z neonowymi kolorami, graficznymi eyelinerami czy efektownymi nak\u0142adkami na powieki.<\/p>\n<p>Je\u015bli chodzi o usta, w sezonie wiosna-lato 2022 kr\u00f3luj\u0105 naturalne odcienie nude. Delikatne b\u0142yszczyki i matowe pomadki w odcieniach be\u017cu, brzoskwini czy delikatnej r\u00f3\u017cu b\u0119d\u0105 niezwykle popularne. Trendy wskazuj\u0105 r\u00f3wnie\u017c na zwracanie uwagi na zdrowie i piel\u0119gnacj\u0119 ust, dlatego coraz wi\u0119cej marek kosmetycznych oferuje produkty, kt\u00f3re nie tylko dodaj\u0105 koloru, ale r\u00f3wnie\u017c piel\u0119gnuj\u0105 wargi.<\/p>\n<p>Podsumowuj\u0105c, najnowsze trendy w makija\u017cu na sezon wiosna-lato 2022 kieruj\u0105 si\u0119 w stron\u0119 naturalno\u015bci, delikatno\u015bci i eksperymentowania z kolorami. Jest to doskona\u0142a okazja do odkrywania nowych technik makija\u017cowych i wyra\u017cania siebie przez sztuk\u0119 makija\u017cu. Pami\u0119tajmy jednak, \u017ce najwa\u017cniejsze jest podkre\u015blanie i piel\u0119gnowanie naturalnego pi\u0119kna, bez wzgl\u0119du na to, jakie trendy panuj\u0105 w danym sezonie.<\/p>\n<h2>Jakie kolory b\u0119d\u0105 modne w makija\u017cu w nadchodz\u0105cym sezonie?<\/h2>\n<p>\nNadchodz\u0105cy sezon przynosi ze sob\u0105 wiele nowych trend\u00f3w w makija\u017cu, a jednym z kluczowych element\u00f3w, kt\u00f3rym warto si\u0119 przyjrze\u0107, s\u0105 kolory. W tym roku mo\u017cemy spodziewa\u0107 si\u0119 ro\u017cnych odcieni, kt\u00f3re zdominuj\u0105 trendy w makija\u017cu. Jednym z g\u0142\u00f3wnych kolor\u00f3w, kt\u00f3ry b\u0119dzie modny w sezonie, jest intensywna czerwie\u0144. Czerwone akcenty na ustach czy na powiekach b\u0119d\u0105 zdecydowanie dominowa\u0107, dodaj\u0105c charakteru i odwa\u017cnego wyrazu ka\u017cdemu makija\u017cowi.\n<\/p>\n<p>\nKolejnym kolorem, kt\u00f3ry b\u0119dzie rz\u0105dzi\u0107 w nadchodz\u0105cym sezonie, jest delikatna brzoskwiniowa tonacja. To subtelna, przyjemna dla oka barwa, kt\u00f3ra b\u0119dzie idealna dla os\u00f3b preferuj\u0105cych naturalny, lekki makija\u017c. Brzoskwiniowy odcie\u0144 doskonale sprawdzi si\u0119 zar\u00f3wno na powiekach, jak i policzkach, nadaj\u0105c twarzy \u015bwie\u017cy wygl\u0105d i delikatny blask.\n<\/p>\n<p>\nWarto r\u00f3wnie\u017c zwr\u00f3ci\u0107 uwag\u0119 na ch\u0142odne, metaliczne kolory, takie jak srebro czy zimne odcienie fioletu. Te nowoczesne, futurystyczne kolory doskonale sprawdz\u0105 si\u0119 w makija\u017cach wieczorowych, dodaj\u0105c odrobin\u0119 ekstrawagancji i tajemniczo\u015bci.\n<\/p>\n<p>\nPodsumowuj\u0105c, nadchodz\u0105cy sezon przynosi ze sob\u0105 szerok\u0105 palet\u0119 kolor\u00f3w, kt\u00f3re zagoszcz\u0105 w trendach makija\u017cowych. Czerwie\u0144, brzoskwiniowe odcienie, a tak\u017ce ch\u0142odne metaliczne kolory b\u0119d\u0105 dominowa\u0107 w nadchodz\u0105cych miesi\u0105cach, daj\u0105c mo\u017cliwo\u015b\u0107 eksperymentowania i tworzenia nowych, interesuj\u0105cych makija\u017cy.\n<\/p>\n<h2>Nowo\u015bci w technikach makija\u017cu: co wyprzedza tradycyjne metody?<\/h2>\n<p>W dzisiejszych czasach trendy w makija\u017cu zmieniaj\u0105 si\u0119 szybko, wprowadzaj\u0105c nowe techniki, kt\u00f3re przewy\u017cszaj\u0105 tradycyjne metody. Nowoczesne podej\u015bcie do makija\u017cu stawia na naturalno\u015b\u0107 i subtelno\u015b\u0107, przekraczaj\u0105c granice klasycznych rozwi\u0105za\u0144. Jednym z najgor\u0119tszych trend\u00f3w w sezonie jest technika &#8222;strobingu&#8221;. Polega ona na podkre\u015blaniu naturalnego blasku sk\u00f3ry za pomoc\u0105 roz\u015bwietlaczy, co sprawia, \u017ce cera wydaje si\u0119 promienna i zdrowa. Kolejn\u0105 innowacyjn\u0105 metod\u0105 jest tzw. &#8222;baking&#8221;, czyli technika utrwalania makija\u017cu za pomoc\u0105 sypkiego pudru przez kilka minut, a nast\u0119pnie starannego jego zmiatania, co powoduje, \u017ce makija\u017c utrzymuje si\u0119 d\u0142u\u017cej i wygl\u0105da nieskazitelnie. Po\u0142\u0105czenie tych nowoczesnych technik z tradycyjnymi metodami pozwala uzyska\u0107 efekt naturalnej i promiennej urody, kt\u00f3ry jest obecnie na topie.<\/p>\n<h2>Jak wybra\u0107 idealne produkty do makija\u017cu, kt\u00f3re b\u0119d\u0105 pasowa\u0107 do najnowszych trend\u00f3w?<\/h2>\n<p>Wybieraj\u0105c idealne produkty do makija\u017cu, wa\u017cne jest nie tylko dostosowanie kolor\u00f3w do najnowszych trend\u00f3w, ale tak\u017ce sprawdzenie, czy kosmetyki spe\u0142niaj\u0105 oczekiwania pod wzgl\u0119dem jako\u015bci i sk\u0142adu. W najbli\u017cszym sezonie wiele os\u00f3b stawia\u0107 b\u0119dzie na naturalny i \u015bwie\u017cy wygl\u0105d, co oznacza, \u017ce produkty lekkie, o doskona\u0142ym doborze kolor\u00f3w i trwa\u0142o\u015bci b\u0119d\u0105 kluczowe. W makija\u017cu trendem b\u0119d\u0105 delikatne podkre\u015blenie oczu, wyraziste brwi i zdrowy, promienny wygl\u0105d sk\u00f3ry.<\/p>\n<p>W przypadku podk\u0142ad\u00f3w warto zwr\u00f3ci\u0107 uwag\u0119 na lekkie, nawil\u017caj\u0105ce formu\u0142y, kt\u00f3re zapewni\u0105 naturalny i promienny efekt sk\u00f3ry. Wysoka jako\u015b\u0107 i dostosowanie koloru do naturalnego odcienia sk\u00f3ry s\u0105 niezwykle istotne, a marki kosmetyczne oferuj\u0105 coraz szerszy wyb\u00f3r kolor\u00f3w, aby sprosta\u0107 r\u00f3\u017cnorodno\u015bci potrzeb konsumentek.<\/p>\n<p>Co wi\u0119cej, trendy w makija\u017cu oczu skupiaj\u0105 si\u0119 na wyrazistych brwach i delikatnym podkre\u015bleniu rz\u0119s. D\u0142ugotrwa\u0142e formu\u0142y tuszy do rz\u0119s oraz precyzyjne produkty do stylizacji brwi b\u0119d\u0105 kluczowe, aby osi\u0105gn\u0105\u0107 po\u017c\u0105dany efekt. W przypadku cieni do powiek popularne b\u0119d\u0105 stonowane, naturalne kolory oraz klasyczne smokey eyes. Wa\u017cne jest, aby wybiera\u0107 produkty d\u0142ugotrwa\u0142e i \u0142atwe w aplikacji, by osi\u0105gn\u0105\u0107 perfekcyjny makija\u017c oczu.<\/p>\n<p>Dostosowanie makija\u017cu do trend\u00f3w nie oznacza jednak rezygnacji z wyrazistych ust. Pomadki o intensywnych kolorach i d\u0142ugotrwa\u0142ej formule b\u0119d\u0105 nadal modnym elementem makija\u017cu. Warto wybiera\u0107 produkty o nawil\u017caj\u0105cej formule, kt\u00f3re zapewni\u0105 wygod\u0119 noszenia przez d\u0142ugi czas.<\/p>\n<p>Kiedy wybierasz produkty do makija\u017cu, zwracaj uwag\u0119 nie tylko na aktualne trendy, ale tak\u017ce na jako\u015b\u0107 i sk\u0142ad kosmetyk\u00f3w. Dobrze dobrane produkty w po\u0142\u0105czeniu z aktualnymi trendami zapewni\u0105 ci idealny makija\u017c, kt\u00f3ry podkre\u015bli naturalne pi\u0119kno i sprawi, \u017ce b\u0119dziesz wygl\u0105da\u0107 ol\u015bniewaj\u0105co przez ca\u0142y sezon.<\/p>\n","protected":false},"excerpt":{"rendered":"<p>Najnowsze trendy w makija\u017cu na sezon wiosna-lato 2022 kieruj\u0105 si\u0119 w stron\u0119 naturalno\u015bci, delikatno\u015bci i eksperymentowania z kolorami. Zwraca si\u0119 uwag\u0119 na subtelne pastelowe odcienie na powiekach i ustach, r\u00f3wnowa\u017c\u0105c minimalizm z odwa\u017cnymi eksperymentami. Oczy odgrywaj\u0105 znacz\u0105c\u0105 rol\u0119, od clear skin po neonowe kolory i graficzne eyelinery, podczas gdy usta kr\u00f3luj\u0105 w naturalnych odcieniach nude, wspierane piel\u0119gnacyjnymi formu\u0142ami. Co wi\u0119cej, nadchodz\u0105cy sezon przynosi szerok\u0105 palet\u0119 kolor\u00f3w, w tym czerwie\u0144, brzoskwiniowe odcienie i ch\u0142odne metaliczne kolory, zach\u0119caj\u0105c do eksperyment\u00f3w i tworzenia interesuj\u0105cych makija\u017cy. Dodatkowo, nowoczesne techniki, takie jak &#8222;strobing&#8221;, podkre\u015blaj\u0105 naturalny blask sk\u00f3ry, przekraczaj\u0105c granice tradycyjnego podej\u015bcia do makija\u017cu, co sprawia, \u017ce artyku\u0142 jest inspiruj\u0105cy i warto\u015bciowy dla mi\u0142o\u015bnik\u00f3w kosmetyk\u00f3w i technik makija\u017cowych.<\/p>\n","protected":false},"author":1,"featured_media":154,"comment_status":"closed","ping_status":"open","sticky":false,"template":"","format":"standard","meta":{"footnotes":""},"categories":[85],"tags":[],"class_list":["post-155","post","type-post","status-publish","format-standard","has-post-thumbnail","hentry","category-trendy-makijazu"],"yoast_head":"<!-- This site is optimized with the Yoast SEO plugin v20.10 - https:\/\/yoast.com\/wordpress\/plugins\/seo\/ -->\n<title>Najnowsze trendy w makija\u017cu: co b\u0119dzie modnym w sezonie - Tajemnice Piel\u0119gnacji<\/title>\n<meta name=\"robots\" content=\"index, follow, max-snippet:-1, max-image-preview:large, max-video-preview:-1\" \/>\n<link rel=\"canonical\" href=\"https:\/\/refan-lublin.pl\/index.php\/2025\/07\/05\/najnowsze-trendy-w-makijazu-co-bedzie-modnym-w-sezonie\/\" \/>\n<meta property=\"og:locale\" content=\"pl_PL\" \/>\n<meta property=\"og:type\" content=\"article\" \/>\n<meta property=\"og:title\" content=\"Najnowsze trendy w makija\u017cu: co b\u0119dzie modnym w sezonie - Tajemnice Piel\u0119gnacji\" \/>\n<meta property=\"og:description\" content=\"Najnowsze trendy w makija\u017cu na sezon wiosna-lato 2022 kieruj\u0105 si\u0119 w stron\u0119 naturalno\u015bci, delikatno\u015bci i eksperymentowania z kolorami. Zwraca si\u0119 uwag\u0119 na subtelne pastelowe odcienie na powiekach i ustach, r\u00f3wnowa\u017c\u0105c minimalizm z odwa\u017cnymi eksperymentami. Oczy odgrywaj\u0105 znacz\u0105c\u0105 rol\u0119, od clear skin po neonowe kolory i graficzne eyelinery, podczas gdy usta kr\u00f3luj\u0105 w naturalnych odcieniach nude, wspierane piel\u0119gnacyjnymi formu\u0142ami. Co wi\u0119cej, nadchodz\u0105cy sezon przynosi szerok\u0105 palet\u0119 kolor\u00f3w, w tym czerwie\u0144, brzoskwiniowe odcienie i ch\u0142odne metaliczne kolory, zach\u0119caj\u0105c do eksperyment\u00f3w i tworzenia interesuj\u0105cych makija\u017cy. Dodatkowo, nowoczesne techniki, takie jak &quot;strobing&quot;, podkre\u015blaj\u0105 naturalny blask sk\u00f3ry, przekraczaj\u0105c granice tradycyjnego podej\u015bcia do makija\u017cu, co sprawia, \u017ce artyku\u0142 jest inspiruj\u0105cy i warto\u015bciowy dla mi\u0142o\u015bnik\u00f3w kosmetyk\u00f3w i technik makija\u017cowych.\" \/>\n<meta property=\"og:url\" content=\"https:\/\/refan-lublin.pl\/index.php\/2025\/07\/05\/najnowsze-trendy-w-makijazu-co-bedzie-modnym-w-sezonie\/\" \/>\n<meta property=\"og:site_name\" content=\"Tajemnice Piel\u0119gnacji\" \/>\n<meta property=\"article:published_time\" content=\"2025-07-05T18:53:53+00:00\" \/>\n<meta property=\"og:image\" content=\"https:\/\/refan-lublin.pl\/wp-content\/uploads\/2024\/10\/post_photo-73.webp\" \/>\n\t<meta property=\"og:image:width\" content=\"1024\" \/>\n\t<meta property=\"og:image:height\" content=\"1024\" \/>\n\t<meta property=\"og:image:type\" content=\"image\/webp\" \/>\n<meta name=\"author\" content=\"admin\" \/>\n<meta name=\"twitter:card\" content=\"summary_large_image\" \/>\n<meta name=\"twitter:label1\" content=\"Napisane przez\" \/>\n\t<meta name=\"twitter:data1\" content=\"admin\" \/>\n\t<meta name=\"twitter:label2\" content=\"Szacowany czas czytania\" \/>\n\t<meta name=\"twitter:data2\" content=\"5 minut\" \/>\n<script type=\"application\/ld+json\" class=\"yoast-schema-graph\">{\"@context\":\"https:\/\/schema.org\",\"@graph\":[{\"@type\":\"Article\",\"@id\":\"https:\/\/refan-lublin.pl\/index.php\/2025\/07\/05\/najnowsze-trendy-w-makijazu-co-bedzie-modnym-w-sezonie\/#article\",\"isPartOf\":{\"@id\":\"https:\/\/refan-lublin.pl\/index.php\/2025\/07\/05\/najnowsze-trendy-w-makijazu-co-bedzie-modnym-w-sezonie\/\"},\"author\":{\"name\":\"admin\",\"@id\":\"https:\/\/refan-lublin.pl\/#\/schema\/person\/b601220824c73ecebc8d823ae717c131\"},\"headline\":\"Najnowsze trendy w makija\u017cu: co b\u0119dzie modnym w sezonie\",\"datePublished\":\"2025-07-05T18:53:53+00:00\",\"dateModified\":\"2025-07-05T18:53:53+00:00\",\"mainEntityOfPage\":{\"@id\":\"https:\/\/refan-lublin.pl\/index.php\/2025\/07\/05\/najnowsze-trendy-w-makijazu-co-bedzie-modnym-w-sezonie\/\"},\"wordCount\":1032,\"publisher\":{\"@id\":\"https:\/\/refan-lublin.pl\/#organization\"},\"articleSection\":[\"Trendy Makija\u017cu\"],\"inLanguage\":\"pl-PL\"},{\"@type\":\"WebPage\",\"@id\":\"https:\/\/refan-lublin.pl\/index.php\/2025\/07\/05\/najnowsze-trendy-w-makijazu-co-bedzie-modnym-w-sezonie\/\",\"url\":\"https:\/\/refan-lublin.pl\/index.php\/2025\/07\/05\/najnowsze-trendy-w-makijazu-co-bedzie-modnym-w-sezonie\/\",\"name\":\"Najnowsze trendy w makija\u017cu: co b\u0119dzie modnym w sezonie - Tajemnice Piel\u0119gnacji\",\"isPartOf\":{\"@id\":\"https:\/\/refan-lublin.pl\/#website\"},\"datePublished\":\"2025-07-05T18:53:53+00:00\",\"dateModified\":\"2025-07-05T18:53:53+00:00\",\"breadcrumb\":{\"@id\":\"https:\/\/refan-lublin.pl\/index.php\/2025\/07\/05\/najnowsze-trendy-w-makijazu-co-bedzie-modnym-w-sezonie\/#breadcrumb\"},\"inLanguage\":\"pl-PL\",\"potentialAction\":[{\"@type\":\"ReadAction\",\"target\":[\"https:\/\/refan-lublin.pl\/index.php\/2025\/07\/05\/najnowsze-trendy-w-makijazu-co-bedzie-modnym-w-sezonie\/\"]}]},{\"@type\":\"BreadcrumbList\",\"@id\":\"https:\/\/refan-lublin.pl\/index.php\/2025\/07\/05\/najnowsze-trendy-w-makijazu-co-bedzie-modnym-w-sezonie\/#breadcrumb\",\"itemListElement\":[{\"@type\":\"ListItem\",\"position\":1,\"name\":\"Strona g\u0142\u00f3wna\",\"item\":\"https:\/\/refan-lublin.pl\/\"},{\"@type\":\"ListItem\",\"position\":2,\"name\":\"Najnowsze trendy w makija\u017cu: co b\u0119dzie modnym w sezonie\"}]},{\"@type\":\"WebSite\",\"@id\":\"https:\/\/refan-lublin.pl\/#website\",\"url\":\"https:\/\/refan-lublin.pl\/\",\"name\":\"Tajemnice Piel\u0119gnacji\",\"description\":\"\",\"publisher\":{\"@id\":\"https:\/\/refan-lublin.pl\/#organization\"},\"potentialAction\":[{\"@type\":\"SearchAction\",\"target\":{\"@type\":\"EntryPoint\",\"urlTemplate\":\"https:\/\/refan-lublin.pl\/?s={search_term_string}\"},\"query-input\":\"required name=search_term_string\"}],\"inLanguage\":\"pl-PL\"},{\"@type\":\"Organization\",\"@id\":\"https:\/\/refan-lublin.pl\/#organization\",\"name\":\"Tajemnice Piel\u0119gnacji\",\"url\":\"https:\/\/refan-lublin.pl\/\",\"logo\":{\"@type\":\"ImageObject\",\"inLanguage\":\"pl-PL\",\"@id\":\"https:\/\/refan-lublin.pl\/#\/schema\/logo\/image\/\",\"url\":\"https:\/\/refan-lublin.pl\/wp-content\/uploads\/2024\/10\/tajemnice-pielgnacji-high-resolution-logo-transparent.png\",\"contentUrl\":\"https:\/\/refan-lublin.pl\/wp-content\/uploads\/2024\/10\/tajemnice-pielgnacji-high-resolution-logo-transparent.png\",\"width\":2000,\"height\":1261,\"caption\":\"Tajemnice Piel\u0119gnacji\"},\"image\":{\"@id\":\"https:\/\/refan-lublin.pl\/#\/schema\/logo\/image\/\"}},{\"@type\":\"Person\",\"@id\":\"https:\/\/refan-lublin.pl\/#\/schema\/person\/b601220824c73ecebc8d823ae717c131\",\"name\":\"admin\",\"image\":{\"@type\":\"ImageObject\",\"inLanguage\":\"pl-PL\",\"@id\":\"https:\/\/refan-lublin.pl\/#\/schema\/person\/image\/\",\"url\":\"https:\/\/secure.gravatar.com\/avatar\/20f9971feab45143e013bdc999a9ec561b2b4cea2f903352b96d2e1fd8a2655e?s=96&d=mm&r=g\",\"contentUrl\":\"https:\/\/secure.gravatar.com\/avatar\/20f9971feab45143e013bdc999a9ec561b2b4cea2f903352b96d2e1fd8a2655e?s=96&d=mm&r=g\",\"caption\":\"admin\"},\"sameAs\":[\"https:\/\/refan-lublin.pl\"],\"url\":\"https:\/\/refan-lublin.pl\/index.php\/author\/admin\/\"}]}<\/script>\n<!-- \/ Yoast SEO plugin. -->","yoast_head_json":{"title":"Najnowsze trendy w makija\u017cu: co b\u0119dzie modnym w sezonie - Tajemnice Piel\u0119gnacji","robots":{"index":"index","follow":"follow","max-snippet":"max-snippet:-1","max-image-preview":"max-image-preview:large","max-video-preview":"max-video-preview:-1"},"canonical":"https:\/\/refan-lublin.pl\/index.php\/2025\/07\/05\/najnowsze-trendy-w-makijazu-co-bedzie-modnym-w-sezonie\/","og_locale":"pl_PL","og_type":"article","og_title":"Najnowsze trendy w makija\u017cu: co b\u0119dzie modnym w sezonie - Tajemnice Piel\u0119gnacji","og_description":"Najnowsze trendy w makija\u017cu na sezon wiosna-lato 2022 kieruj\u0105 si\u0119 w stron\u0119 naturalno\u015bci, delikatno\u015bci i eksperymentowania z kolorami. Zwraca si\u0119 uwag\u0119 na subtelne pastelowe odcienie na powiekach i ustach, r\u00f3wnowa\u017c\u0105c minimalizm z odwa\u017cnymi eksperymentami. Oczy odgrywaj\u0105 znacz\u0105c\u0105 rol\u0119, od clear skin po neonowe kolory i graficzne eyelinery, podczas gdy usta kr\u00f3luj\u0105 w naturalnych odcieniach nude, wspierane piel\u0119gnacyjnymi formu\u0142ami. Co wi\u0119cej, nadchodz\u0105cy sezon przynosi szerok\u0105 palet\u0119 kolor\u00f3w, w tym czerwie\u0144, brzoskwiniowe odcienie i ch\u0142odne metaliczne kolory, zach\u0119caj\u0105c do eksperyment\u00f3w i tworzenia interesuj\u0105cych makija\u017cy. Dodatkowo, nowoczesne techniki, takie jak \"strobing\", podkre\u015blaj\u0105 naturalny blask sk\u00f3ry, przekraczaj\u0105c granice tradycyjnego podej\u015bcia do makija\u017cu, co sprawia, \u017ce artyku\u0142 jest inspiruj\u0105cy i warto\u015bciowy dla mi\u0142o\u015bnik\u00f3w kosmetyk\u00f3w i technik makija\u017cowych.","og_url":"https:\/\/refan-lublin.pl\/index.php\/2025\/07\/05\/najnowsze-trendy-w-makijazu-co-bedzie-modnym-w-sezonie\/","og_site_name":"Tajemnice Piel\u0119gnacji","article_published_time":"2025-07-05T18:53:53+00:00","og_image":[{"width":1024,"height":1024,"url":"https:\/\/refan-lublin.pl\/wp-content\/uploads\/2024\/10\/post_photo-73.webp","type":"image\/webp"}],"author":"admin","twitter_card":"summary_large_image","twitter_misc":{"Napisane przez":"admin","Szacowany czas czytania":"5 minut"},"schema":{"@context":"https:\/\/schema.org","@graph":[{"@type":"Article","@id":"https:\/\/refan-lublin.pl\/index.php\/2025\/07\/05\/najnowsze-trendy-w-makijazu-co-bedzie-modnym-w-sezonie\/#article","isPartOf":{"@id":"https:\/\/refan-lublin.pl\/index.php\/2025\/07\/05\/najnowsze-trendy-w-makijazu-co-bedzie-modnym-w-sezonie\/"},"author":{"name":"admin","@id":"https:\/\/refan-lublin.pl\/#\/schema\/person\/b601220824c73ecebc8d823ae717c131"},"headline":"Najnowsze trendy w makija\u017cu: co b\u0119dzie modnym w sezonie","datePublished":"2025-07-05T18:53:53+00:00","dateModified":"2025-07-05T18:53:53+00:00","mainEntityOfPage":{"@id":"https:\/\/refan-lublin.pl\/index.php\/2025\/07\/05\/najnowsze-trendy-w-makijazu-co-bedzie-modnym-w-sezonie\/"},"wordCount":1032,"publisher":{"@id":"https:\/\/refan-lublin.pl\/#organization"},"articleSection":["Trendy Makija\u017cu"],"inLanguage":"pl-PL"},{"@type":"WebPage","@id":"https:\/\/refan-lublin.pl\/index.php\/2025\/07\/05\/najnowsze-trendy-w-makijazu-co-bedzie-modnym-w-sezonie\/","url":"https:\/\/refan-lublin.pl\/index.php\/2025\/07\/05\/najnowsze-trendy-w-makijazu-co-bedzie-modnym-w-sezonie\/","name":"Najnowsze trendy w makija\u017cu: co b\u0119dzie modnym w sezonie - Tajemnice Piel\u0119gnacji","isPartOf":{"@id":"https:\/\/refan-lublin.pl\/#website"},"datePublished":"2025-07-05T18:53:53+00:00","dateModified":"2025-07-05T18:53:53+00:00","breadcrumb":{"@id":"https:\/\/refan-lublin.pl\/index.php\/2025\/07\/05\/najnowsze-trendy-w-makijazu-co-bedzie-modnym-w-sezonie\/#breadcrumb"},"inLanguage":"pl-PL","potentialAction":[{"@type":"ReadAction","target":["https:\/\/refan-lublin.pl\/index.php\/2025\/07\/05\/najnowsze-trendy-w-makijazu-co-bedzie-modnym-w-sezonie\/"]}]},{"@type":"BreadcrumbList","@id":"https:\/\/refan-lublin.pl\/index.php\/2025\/07\/05\/najnowsze-trendy-w-makijazu-co-bedzie-modnym-w-sezonie\/#breadcrumb","itemListElement":[{"@type":"ListItem","position":1,"name":"Strona g\u0142\u00f3wna","item":"https:\/\/refan-lublin.pl\/"},{"@type":"ListItem","position":2,"name":"Najnowsze trendy w makija\u017cu: co b\u0119dzie modnym w sezonie"}]},{"@type":"WebSite","@id":"https:\/\/refan-lublin.pl\/#website","url":"https:\/\/refan-lublin.pl\/","name":"Tajemnice Piel\u0119gnacji","description":"","publisher":{"@id":"https:\/\/refan-lublin.pl\/#organization"},"potentialAction":[{"@type":"SearchAction","target":{"@type":"EntryPoint","urlTemplate":"https:\/\/refan-lublin.pl\/?s={search_term_string}"},"query-input":"required name=search_term_string"}],"inLanguage":"pl-PL"},{"@type":"Organization","@id":"https:\/\/refan-lublin.pl\/#organization","name":"Tajemnice Piel\u0119gnacji","url":"https:\/\/refan-lublin.pl\/","logo":{"@type":"ImageObject","inLanguage":"pl-PL","@id":"https:\/\/refan-lublin.pl\/#\/schema\/logo\/image\/","url":"https:\/\/refan-lublin.pl\/wp-content\/uploads\/2024\/10\/tajemnice-pielgnacji-high-resolution-logo-transparent.png","contentUrl":"https:\/\/refan-lublin.pl\/wp-content\/uploads\/2024\/10\/tajemnice-pielgnacji-high-resolution-logo-transparent.png","width":2000,"height":1261,"caption":"Tajemnice Piel\u0119gnacji"},"image":{"@id":"https:\/\/refan-lublin.pl\/#\/schema\/logo\/image\/"}},{"@type":"Person","@id":"https:\/\/refan-lublin.pl\/#\/schema\/person\/b601220824c73ecebc8d823ae717c131","name":"admin","image":{"@type":"ImageObject","inLanguage":"pl-PL","@id":"https:\/\/refan-lublin.pl\/#\/schema\/person\/image\/","url":"https:\/\/secure.gravatar.com\/avatar\/20f9971feab45143e013bdc999a9ec561b2b4cea2f903352b96d2e1fd8a2655e?s=96&d=mm&r=g","contentUrl":"https:\/\/secure.gravatar.com\/avatar\/20f9971feab45143e013bdc999a9ec561b2b4cea2f903352b96d2e1fd8a2655e?s=96&d=mm&r=g","caption":"admin"},"sameAs":["https:\/\/refan-lublin.pl"],"url":"https:\/\/refan-lublin.pl\/index.php\/author\/admin\/"}]}},"_links":{"self":[{"href":"https:\/\/refan-lublin.pl\/index.php\/wp-json\/wp\/v2\/posts\/155","targetHints":{"allow":["GET"]}}],"collection":[{"href":"https:\/\/refan-lublin.pl\/index.php\/wp-json\/wp\/v2\/posts"}],"about":[{"href":"https:\/\/refan-lublin.pl\/index.php\/wp-json\/wp\/v2\/types\/post"}],"author":[{"embeddable":true,"href":"https:\/\/refan-lublin.pl\/index.php\/wp-json\/wp\/v2\/users\/1"}],"replies":[{"embeddable":true,"href":"https:\/\/refan-lublin.pl\/index.php\/wp-json\/wp\/v2\/comments?post=155"}],"version-history":[{"count":1,"href":"https:\/\/refan-lublin.pl\/index.php\/wp-json\/wp\/v2\/posts\/155\/revisions"}],"predecessor-version":[{"id":292,"href":"https:\/\/refan-lublin.pl\/index.php\/wp-json\/wp\/v2\/posts\/155\/revisions\/292"}],"wp:featuredmedia":[{"embeddable":true,"href":"https:\/\/refan-lublin.pl\/index.php\/wp-json\/wp\/v2\/media\/154"}],"wp:attachment":[{"href":"https:\/\/refan-lublin.pl\/index.php\/wp-json\/wp\/v2\/media?parent=155"}],"wp:term":[{"taxonomy":"category","embeddable":true,"href":"https:\/\/refan-lublin.pl\/index.php\/wp-json\/wp\/v2\/categories?post=155"},{"taxonomy":"post_tag","embeddable":true,"href":"https:\/\/refan-lublin.pl\/index.php\/wp-json\/wp\/v2\/tags?post=155"}],"curies":[{"name":"wp","href":"https:\/\/api.w.org\/{rel}","templated":true}]}}