{"id":151,"date":"2025-06-19T04:34:36","date_gmt":"2025-06-19T02:34:36","guid":{"rendered":"https:\/\/refan-lublin.pl\/?p=151"},"modified":"2025-06-19T04:34:36","modified_gmt":"2025-06-19T02:34:36","slug":"zapachowe-nowosci-co-nowego-na-rynku","status":"publish","type":"post","link":"https:\/\/refan-lublin.pl\/index.php\/2025\/06\/19\/zapachowe-nowosci-co-nowego-na-rynku\/","title":{"rendered":"Zapachowe nowo\u015bci: co nowego na rynku?"},"content":{"rendered":"<h2>Trendy zapachowe sezonu: co warto mie\u0107 na radarze?<\/h2>\n<p>Zapachowe nowo\u015bci zawsze wzbudzaj\u0105 du\u017ce zainteresowanie w\u015br\u00f3d mi\u0142o\u015bnik\u00f3w perfum. Sezon 2021\/2022 przynosi ze sob\u0105 wiele ciekawych trend\u00f3w zapachowych, kt\u00f3re z pewno\u015bci\u0105 warto mie\u0107 na radarze. Jednym z dominuj\u0105cych trend\u00f3w jest powr\u00f3t do korzeni &#8211; retro zapachy, kt\u00f3re nawi\u0105zuj\u0105 do klasycznych kompozycji sprzed lat, ciesz\u0105 si\u0119 coraz wi\u0119kszym zainteresowaniem. Ponadto, w tym sezonie obserwujemy wzrost popularno\u015bci perfum inspirowanych natur\u0105, kt\u00f3re wykorzystuj\u0105 zapachy ro\u015blinne i le\u015bne, aby stworzy\u0107 oryginalne i ekologiczne kompozycje.<\/p>\n<p>Kolejnym wa\u017cnym trendem s\u0105 zapachy unisex. Klienci coraz cz\u0119\u015bciej poszukuj\u0105 perfum, kt\u00f3re mog\u0105 by\u0107 noszone zar\u00f3wno przez kobiety, jak i m\u0119\u017cczyzn. Producenci reaguj\u0105 na t\u0119 potrzeb\u0119, wprowadzaj\u0105c na rynek coraz wi\u0119cej zapach\u00f3w o neutralnym charakterze, kt\u00f3re s\u0105 idealnym wyborem dla os\u00f3b poszukuj\u0105cych nietuzinkowych kompozycji.<\/p>\n<p>Ostatnim, ale nie mniej wa\u017cnym trendem zapachowym sezonu s\u0105 perfumy inspirowane podr\u00f3\u017cami. Zapachy nawi\u0105zuj\u0105ce do egzotycznych destynacji, egzotycznych przypraw i orientalnych kwiat\u00f3w staj\u0105 si\u0119 coraz bardziej popularne. To idealna propozycja dla mi\u0142o\u015bnik\u00f3w podr\u00f3\u017cy, kt\u00f3rzy chc\u0105 przenie\u015b\u0107 si\u0119 w magiczny \u015bwiat zapach\u00f3w.<\/p>\n<p>Podsumowuj\u0105c, tegoroczne trendy zapachowe oferuj\u0105 szeroki wyb\u00f3r dla ka\u017cdego mi\u0142o\u015bnika perfum. Od klasycznych zapach\u00f3w retro, po ekologiczne kompozycje inspirowane natur\u0105 czy uniseksowe perfumy &#8211; ka\u017cdy znajdzie co\u015b dla siebie w bogatym \u015bwiecie zapach\u00f3w sezonu 2021\/2022.<\/p>\n<h2>Innowacyjne sk\u0142adniki w nowych zapachach: rewolucja czy chwilowa moda?<\/h2>\n<p>Zapachowe nowo\u015bci ciesz\u0105 si\u0119 coraz wi\u0119kszym zainteresowaniem w\u015br\u00f3d mi\u0142o\u015bnik\u00f3w perfum. Co nowego mo\u017cna znale\u017a\u0107 na rynku? Jednym z kluczowych trend\u00f3w jest rosn\u0105ce zainteresowanie innowacyjnymi sk\u0142adnikami w nowych zapachach. Czy jednak rewolucja w sk\u0142adach perfum jest trwa\u0142a, czy te\u017c stanowi jedynie chwilow\u0105 mod\u0119?<\/p>\n<p>Od lat perfumi\u015bci eksperymentuj\u0105 z nowymi sk\u0142adnikami, staraj\u0105c si\u0119 zaskoczy\u0107 i oczarowa\u0107 konsument\u00f3w. Obecnie coraz cz\u0119\u015bciej pojawiaj\u0105 si\u0119 perfumy zawieraj\u0105ce sk\u0142adniki pochodzenia naturalnego, takie jak olejki eteryczne pozyskiwane z egzotycznych ro\u015blin. Ponadto, popularno\u015b\u0107 zdobywaj\u0105 mieszanki zapachowe oparte na unikalnych ekstraktach ro\u015blinnych, kt\u00f3re wywo\u0142uj\u0105 silne emocje i stanowi\u0105 odzwierciedlenie bie\u017c\u0105cych trend\u00f3w w bran\u017cy perfumeryjnej.<\/p>\n<p>Niew\u0105tpliwie, innowacyjne sk\u0142adniki w nowych zapachach stanowi\u0105 prze\u0142om w przemy\u015ble perfumeryjnym, zach\u0119caj\u0105c do poszukiwania nowych, nietypowych po\u0142\u0105cze\u0144 zapachowych. Jednak\u017ce, czy mo\u017cemy m\u00f3wi\u0107 o rewolucji czy tylko chwilowej modzie? Czas poka\u017ce, czy nowatorskie sk\u0142adniki zagoszcz\u0105 na sta\u0142e w perfumiarskim \u015bwiecie czy te\u017c oka\u017c\u0105 si\u0119 tylko przelotnym trendem.<\/p>\n<h2>Perfumy na miar\u0119 zmys\u0142\u00f3w: unikatowe kompozycje na rynku.<\/h2>\n<p>Perfumy to nieod\u0142\u0105czny element codziennej piel\u0119gnacji i wa\u017cny element wyra\u017cania swojej osobowo\u015bci. Na rynku pojawia si\u0119 wiele nowych zapachowych kompozycji, kt\u00f3re wyr\u00f3\u017cniaj\u0105 si\u0119 unikalnymi sk\u0142adnikami i oryginalnymi nutami zapachowymi. Poszukuj\u0105c perfum na miar\u0119 zmys\u0142\u00f3w, warto zwr\u00f3ci\u0107 uwag\u0119 na najnowsze zapachowe nowo\u015bci, kt\u00f3re doceniane s\u0105 przez mi\u0142o\u015bnik\u00f3w perfum.<\/p>\n<p>Jedn\u0105 z unikatowych kompozycji, kt\u00f3ra wyr\u00f3\u017cnia si\u0119 na rynku, jest zmys\u0142owy kwiatowy zapach z nutami orientalnymi. To subtelna mieszanka egzotycznych kwiat\u00f3w, kt\u00f3ra zachwyca swoj\u0105 delikatno\u015bci\u0105 i g\u0142\u0119bi\u0105. Kolejnym wyj\u0105tkowym wyborem s\u0105 perfumy, kt\u00f3re \u0142\u0105cz\u0105 w sobie \u015bwie\u017co\u015b\u0107 cytrus\u00f3w z intensywnymi nutami drzewnymi, tworz\u0105c niezwykle interesuj\u0105c\u0105 kompozycj\u0119 zapachow\u0105.<\/p>\n<p>Warto r\u00f3wnie\u017c zwr\u00f3ci\u0107 uwag\u0119 na perfumy inspirowane natur\u0105, kt\u00f3re emanuj\u0105 \u015bwie\u017co\u015bci\u0105 i energi\u0105. Skutecznie przenosz\u0105 nas w otoczenie pe\u0142ne zielonych li\u015bci, kwiat\u00f3w i soczystych owoc\u00f3w, tworz\u0105c niezapomniany aromatyczny do\u015bwiadczenie.<\/p>\n<p>Nowe perfumy na miar\u0119 zmys\u0142\u00f3w, to nie tylko oryginalne kompozycje zapachowe, ale r\u00f3wnie\u017c eleganckie flakony, kt\u00f3re stanowi\u0105 prawdziwe dzie\u0142a sztuki. Projektanci perfum staraj\u0105 si\u0119 stworzy\u0107 nie tylko unikalny zapach, ale r\u00f3wnie\u017c estetycznie zaprojektowane opakowanie, kt\u00f3re zas\u0142uguje na uwag\u0119 mi\u0142o\u015bnik\u00f3w perfum.<\/p>\n<p>Podsumowuj\u0105c, nowo\u015bci zapachowe, kt\u00f3re pojawiaj\u0105 si\u0119 na rynku, oferuj\u0105 unikatowe kompozycje zapachowe, kt\u00f3re zachwyc\u0105 nawet najbardziej wymagaj\u0105cych mi\u0142o\u015bnik\u00f3w perfum. Dzi\u0119ki oryginalnym sk\u0142adnikom i unikalnym nutom zapachowym, nowe perfumy na miar\u0119 zmys\u0142\u00f3w stanowi\u0105 doskona\u0142y wyb\u00f3r dla os\u00f3b poszukuj\u0105cych wyj\u0105tkowego aromatu, kt\u00f3ry podkre\u015bli ich osobowo\u015b\u0107 i styl.<\/p>\n<h2>Zapachowe odkrycia: najciekawsze premierowe zapachy sezonu.<\/h2>\n<p>Zapachowe nowo\u015bci ciesz\u0105 si\u0119 coraz wi\u0119kszym zainteresowaniem konsument\u00f3w, dlatego producenci perfum staraj\u0105 si\u0119 regularnie wypuszcza\u0107 na rynek nowe, fascynuj\u0105ce kompozycje. Sezonowe premierowe zapachy to zawsze wielkie wydarzenie dla mi\u0142o\u015bnik\u00f3w perfum. Co nowego pojawi\u0142o si\u0119 na rynku zapachowym w ostatnim czasie? Jednym z najciekawszych odkry\u0107 sezonu jest zapach inspirowany \u015bwie\u017co\u015bci\u0105 letnich ogrod\u00f3w, w sk\u0142ad kt\u00f3rego wchodz\u0105 nuty \u015bwie\u017cej mi\u0119ty, soczystej pomara\u0144czy i delikatnego ja\u015bminu. To prawdziwie oniryczne doznanie zapachowe, kt\u00f3re przenosi nas w klimat letniej sielanki.<\/p>\n","protected":false},"excerpt":{"rendered":"<p>Artyku\u0142 &#8222;Trendy zapachowe sezonu: co warto mie\u0107 na radarze?&#8221; prezentuje najnowsze trendy i nowo\u015bci perfumeryjne sezonu 2021\/2022, zach\u0119caj\u0105c do odkrywania unikalnych zapach\u00f3w inspirowanych natur\u0105, zwrotem ku retro kompozycjom oraz neutralnym, uniseksowym perfumom. Podkre\u015bla r\u00f3wnie\u017c rosn\u0105c\u0105 popularno\u015b\u0107 perfum inspirowanych podr\u00f3\u017cami, oferuj\u0105cych magiczne doznania zapachowe. Drugi artyku\u0142 &#8222;Innowacyjne sk\u0142adniki w nowych zapachach: rewolucja czy chwilowa moda?&#8221; zwraca uwag\u0119 na rosn\u0105ce zainteresowanie innowacyjnymi sk\u0142adnikami w nowych zapachach, nabieraj\u0105cego tempa trendu w swiatku perfumeryjnym. Z kolei trzeci artyku\u0142 &#8222;Perfumy na miar\u0119 zmys\u0142\u00f3w: unikatowe kompozycje na rynku&#8221; prezentuje unikalne kompozycje zapachowe, kt\u00f3re wyr\u00f3\u017cniaj\u0105 si\u0119 nowatorskimi sk\u0142adnikami oraz oryginalnymi nutami zapachowymi, inspiruj\u0105c czytelnika do odkrywania nowych zapachowych dozna\u0144. Artyku\u0142y te oferuj\u0105 szerok\u0105 gam\u0119 informacji i zapewne oczaruj\u0105 ka\u017cdego mi\u0142o\u015bnika perfum.<\/p>\n","protected":false},"author":1,"featured_media":150,"comment_status":"closed","ping_status":"open","sticky":false,"template":"","format":"standard","meta":{"footnotes":""},"categories":[83],"tags":[],"class_list":["post-151","post","type-post","status-publish","format-standard","has-post-thumbnail","hentry","category-nowosci-zapachowe"],"yoast_head":"<!-- This site is optimized with the Yoast SEO plugin v20.10 - https:\/\/yoast.com\/wordpress\/plugins\/seo\/ -->\n<title>Zapachowe nowo\u015bci: co nowego na rynku? - Tajemnice Piel\u0119gnacji<\/title>\n<meta name=\"robots\" content=\"index, follow, max-snippet:-1, max-image-preview:large, max-video-preview:-1\" \/>\n<link rel=\"canonical\" href=\"https:\/\/refan-lublin.pl\/index.php\/2025\/06\/19\/zapachowe-nowosci-co-nowego-na-rynku\/\" \/>\n<meta property=\"og:locale\" content=\"pl_PL\" \/>\n<meta property=\"og:type\" content=\"article\" \/>\n<meta property=\"og:title\" content=\"Zapachowe nowo\u015bci: co nowego na rynku? - Tajemnice Piel\u0119gnacji\" \/>\n<meta property=\"og:description\" content=\"Artyku\u0142 &quot;Trendy zapachowe sezonu: co warto mie\u0107 na radarze?&quot; prezentuje najnowsze trendy i nowo\u015bci perfumeryjne sezonu 2021\/2022, zach\u0119caj\u0105c do odkrywania unikalnych zapach\u00f3w inspirowanych natur\u0105, zwrotem ku retro kompozycjom oraz neutralnym, uniseksowym perfumom. Podkre\u015bla r\u00f3wnie\u017c rosn\u0105c\u0105 popularno\u015b\u0107 perfum inspirowanych podr\u00f3\u017cami, oferuj\u0105cych magiczne doznania zapachowe. Drugi artyku\u0142 &quot;Innowacyjne sk\u0142adniki w nowych zapachach: rewolucja czy chwilowa moda?&quot; zwraca uwag\u0119 na rosn\u0105ce zainteresowanie innowacyjnymi sk\u0142adnikami w nowych zapachach, nabieraj\u0105cego tempa trendu w swiatku perfumeryjnym. Z kolei trzeci artyku\u0142 &quot;Perfumy na miar\u0119 zmys\u0142\u00f3w: unikatowe kompozycje na rynku&quot; prezentuje unikalne kompozycje zapachowe, kt\u00f3re wyr\u00f3\u017cniaj\u0105 si\u0119 nowatorskimi sk\u0142adnikami oraz oryginalnymi nutami zapachowymi, inspiruj\u0105c czytelnika do odkrywania nowych zapachowych dozna\u0144. Artyku\u0142y te oferuj\u0105 szerok\u0105 gam\u0119 informacji i zapewne oczaruj\u0105 ka\u017cdego mi\u0142o\u015bnika perfum.\" \/>\n<meta property=\"og:url\" content=\"https:\/\/refan-lublin.pl\/index.php\/2025\/06\/19\/zapachowe-nowosci-co-nowego-na-rynku\/\" \/>\n<meta property=\"og:site_name\" content=\"Tajemnice Piel\u0119gnacji\" \/>\n<meta property=\"article:published_time\" content=\"2025-06-19T02:34:36+00:00\" \/>\n<meta property=\"og:image\" content=\"https:\/\/refan-lublin.pl\/wp-content\/uploads\/2024\/10\/post_photo-71.webp\" \/>\n\t<meta property=\"og:image:width\" content=\"1024\" \/>\n\t<meta property=\"og:image:height\" content=\"1024\" \/>\n\t<meta property=\"og:image:type\" content=\"image\/webp\" \/>\n<meta name=\"author\" content=\"admin\" \/>\n<meta name=\"twitter:card\" content=\"summary_large_image\" \/>\n<meta name=\"twitter:label1\" content=\"Napisane przez\" \/>\n\t<meta name=\"twitter:data1\" content=\"admin\" \/>\n\t<meta name=\"twitter:label2\" content=\"Szacowany czas czytania\" \/>\n\t<meta name=\"twitter:data2\" content=\"4 minuty\" \/>\n<script type=\"application\/ld+json\" class=\"yoast-schema-graph\">{\"@context\":\"https:\/\/schema.org\",\"@graph\":[{\"@type\":\"Article\",\"@id\":\"https:\/\/refan-lublin.pl\/index.php\/2025\/06\/19\/zapachowe-nowosci-co-nowego-na-rynku\/#article\",\"isPartOf\":{\"@id\":\"https:\/\/refan-lublin.pl\/index.php\/2025\/06\/19\/zapachowe-nowosci-co-nowego-na-rynku\/\"},\"author\":{\"name\":\"admin\",\"@id\":\"https:\/\/refan-lublin.pl\/#\/schema\/person\/b601220824c73ecebc8d823ae717c131\"},\"headline\":\"Zapachowe nowo\u015bci: co nowego na rynku?\",\"datePublished\":\"2025-06-19T02:34:36+00:00\",\"dateModified\":\"2025-06-19T02:34:36+00:00\",\"mainEntityOfPage\":{\"@id\":\"https:\/\/refan-lublin.pl\/index.php\/2025\/06\/19\/zapachowe-nowosci-co-nowego-na-rynku\/\"},\"wordCount\":828,\"publisher\":{\"@id\":\"https:\/\/refan-lublin.pl\/#organization\"},\"articleSection\":[\"Nowo\u015bci Zapachowe\"],\"inLanguage\":\"pl-PL\"},{\"@type\":\"WebPage\",\"@id\":\"https:\/\/refan-lublin.pl\/index.php\/2025\/06\/19\/zapachowe-nowosci-co-nowego-na-rynku\/\",\"url\":\"https:\/\/refan-lublin.pl\/index.php\/2025\/06\/19\/zapachowe-nowosci-co-nowego-na-rynku\/\",\"name\":\"Zapachowe nowo\u015bci: co nowego na rynku? - Tajemnice Piel\u0119gnacji\",\"isPartOf\":{\"@id\":\"https:\/\/refan-lublin.pl\/#website\"},\"datePublished\":\"2025-06-19T02:34:36+00:00\",\"dateModified\":\"2025-06-19T02:34:36+00:00\",\"breadcrumb\":{\"@id\":\"https:\/\/refan-lublin.pl\/index.php\/2025\/06\/19\/zapachowe-nowosci-co-nowego-na-rynku\/#breadcrumb\"},\"inLanguage\":\"pl-PL\",\"potentialAction\":[{\"@type\":\"ReadAction\",\"target\":[\"https:\/\/refan-lublin.pl\/index.php\/2025\/06\/19\/zapachowe-nowosci-co-nowego-na-rynku\/\"]}]},{\"@type\":\"BreadcrumbList\",\"@id\":\"https:\/\/refan-lublin.pl\/index.php\/2025\/06\/19\/zapachowe-nowosci-co-nowego-na-rynku\/#breadcrumb\",\"itemListElement\":[{\"@type\":\"ListItem\",\"position\":1,\"name\":\"Strona g\u0142\u00f3wna\",\"item\":\"https:\/\/refan-lublin.pl\/\"},{\"@type\":\"ListItem\",\"position\":2,\"name\":\"Zapachowe nowo\u015bci: co nowego na rynku?\"}]},{\"@type\":\"WebSite\",\"@id\":\"https:\/\/refan-lublin.pl\/#website\",\"url\":\"https:\/\/refan-lublin.pl\/\",\"name\":\"Tajemnice Piel\u0119gnacji\",\"description\":\"\",\"publisher\":{\"@id\":\"https:\/\/refan-lublin.pl\/#organization\"},\"potentialAction\":[{\"@type\":\"SearchAction\",\"target\":{\"@type\":\"EntryPoint\",\"urlTemplate\":\"https:\/\/refan-lublin.pl\/?s={search_term_string}\"},\"query-input\":\"required name=search_term_string\"}],\"inLanguage\":\"pl-PL\"},{\"@type\":\"Organization\",\"@id\":\"https:\/\/refan-lublin.pl\/#organization\",\"name\":\"Tajemnice Piel\u0119gnacji\",\"url\":\"https:\/\/refan-lublin.pl\/\",\"logo\":{\"@type\":\"ImageObject\",\"inLanguage\":\"pl-PL\",\"@id\":\"https:\/\/refan-lublin.pl\/#\/schema\/logo\/image\/\",\"url\":\"https:\/\/refan-lublin.pl\/wp-content\/uploads\/2024\/10\/tajemnice-pielgnacji-high-resolution-logo-transparent.png\",\"contentUrl\":\"https:\/\/refan-lublin.pl\/wp-content\/uploads\/2024\/10\/tajemnice-pielgnacji-high-resolution-logo-transparent.png\",\"width\":2000,\"height\":1261,\"caption\":\"Tajemnice Piel\u0119gnacji\"},\"image\":{\"@id\":\"https:\/\/refan-lublin.pl\/#\/schema\/logo\/image\/\"}},{\"@type\":\"Person\",\"@id\":\"https:\/\/refan-lublin.pl\/#\/schema\/person\/b601220824c73ecebc8d823ae717c131\",\"name\":\"admin\",\"image\":{\"@type\":\"ImageObject\",\"inLanguage\":\"pl-PL\",\"@id\":\"https:\/\/refan-lublin.pl\/#\/schema\/person\/image\/\",\"url\":\"https:\/\/secure.gravatar.com\/avatar\/20f9971feab45143e013bdc999a9ec561b2b4cea2f903352b96d2e1fd8a2655e?s=96&d=mm&r=g\",\"contentUrl\":\"https:\/\/secure.gravatar.com\/avatar\/20f9971feab45143e013bdc999a9ec561b2b4cea2f903352b96d2e1fd8a2655e?s=96&d=mm&r=g\",\"caption\":\"admin\"},\"sameAs\":[\"https:\/\/refan-lublin.pl\"],\"url\":\"https:\/\/refan-lublin.pl\/index.php\/author\/admin\/\"}]}<\/script>\n<!-- \/ Yoast SEO plugin. -->","yoast_head_json":{"title":"Zapachowe nowo\u015bci: co nowego na rynku? - Tajemnice Piel\u0119gnacji","robots":{"index":"index","follow":"follow","max-snippet":"max-snippet:-1","max-image-preview":"max-image-preview:large","max-video-preview":"max-video-preview:-1"},"canonical":"https:\/\/refan-lublin.pl\/index.php\/2025\/06\/19\/zapachowe-nowosci-co-nowego-na-rynku\/","og_locale":"pl_PL","og_type":"article","og_title":"Zapachowe nowo\u015bci: co nowego na rynku? - Tajemnice Piel\u0119gnacji","og_description":"Artyku\u0142 \"Trendy zapachowe sezonu: co warto mie\u0107 na radarze?\" prezentuje najnowsze trendy i nowo\u015bci perfumeryjne sezonu 2021\/2022, zach\u0119caj\u0105c do odkrywania unikalnych zapach\u00f3w inspirowanych natur\u0105, zwrotem ku retro kompozycjom oraz neutralnym, uniseksowym perfumom. Podkre\u015bla r\u00f3wnie\u017c rosn\u0105c\u0105 popularno\u015b\u0107 perfum inspirowanych podr\u00f3\u017cami, oferuj\u0105cych magiczne doznania zapachowe. Drugi artyku\u0142 \"Innowacyjne sk\u0142adniki w nowych zapachach: rewolucja czy chwilowa moda?\" zwraca uwag\u0119 na rosn\u0105ce zainteresowanie innowacyjnymi sk\u0142adnikami w nowych zapachach, nabieraj\u0105cego tempa trendu w swiatku perfumeryjnym. Z kolei trzeci artyku\u0142 \"Perfumy na miar\u0119 zmys\u0142\u00f3w: unikatowe kompozycje na rynku\" prezentuje unikalne kompozycje zapachowe, kt\u00f3re wyr\u00f3\u017cniaj\u0105 si\u0119 nowatorskimi sk\u0142adnikami oraz oryginalnymi nutami zapachowymi, inspiruj\u0105c czytelnika do odkrywania nowych zapachowych dozna\u0144. Artyku\u0142y te oferuj\u0105 szerok\u0105 gam\u0119 informacji i zapewne oczaruj\u0105 ka\u017cdego mi\u0142o\u015bnika perfum.","og_url":"https:\/\/refan-lublin.pl\/index.php\/2025\/06\/19\/zapachowe-nowosci-co-nowego-na-rynku\/","og_site_name":"Tajemnice Piel\u0119gnacji","article_published_time":"2025-06-19T02:34:36+00:00","og_image":[{"width":1024,"height":1024,"url":"https:\/\/refan-lublin.pl\/wp-content\/uploads\/2024\/10\/post_photo-71.webp","type":"image\/webp"}],"author":"admin","twitter_card":"summary_large_image","twitter_misc":{"Napisane przez":"admin","Szacowany czas czytania":"4 minuty"},"schema":{"@context":"https:\/\/schema.org","@graph":[{"@type":"Article","@id":"https:\/\/refan-lublin.pl\/index.php\/2025\/06\/19\/zapachowe-nowosci-co-nowego-na-rynku\/#article","isPartOf":{"@id":"https:\/\/refan-lublin.pl\/index.php\/2025\/06\/19\/zapachowe-nowosci-co-nowego-na-rynku\/"},"author":{"name":"admin","@id":"https:\/\/refan-lublin.pl\/#\/schema\/person\/b601220824c73ecebc8d823ae717c131"},"headline":"Zapachowe nowo\u015bci: co nowego na rynku?","datePublished":"2025-06-19T02:34:36+00:00","dateModified":"2025-06-19T02:34:36+00:00","mainEntityOfPage":{"@id":"https:\/\/refan-lublin.pl\/index.php\/2025\/06\/19\/zapachowe-nowosci-co-nowego-na-rynku\/"},"wordCount":828,"publisher":{"@id":"https:\/\/refan-lublin.pl\/#organization"},"articleSection":["Nowo\u015bci Zapachowe"],"inLanguage":"pl-PL"},{"@type":"WebPage","@id":"https:\/\/refan-lublin.pl\/index.php\/2025\/06\/19\/zapachowe-nowosci-co-nowego-na-rynku\/","url":"https:\/\/refan-lublin.pl\/index.php\/2025\/06\/19\/zapachowe-nowosci-co-nowego-na-rynku\/","name":"Zapachowe nowo\u015bci: co nowego na rynku? - Tajemnice Piel\u0119gnacji","isPartOf":{"@id":"https:\/\/refan-lublin.pl\/#website"},"datePublished":"2025-06-19T02:34:36+00:00","dateModified":"2025-06-19T02:34:36+00:00","breadcrumb":{"@id":"https:\/\/refan-lublin.pl\/index.php\/2025\/06\/19\/zapachowe-nowosci-co-nowego-na-rynku\/#breadcrumb"},"inLanguage":"pl-PL","potentialAction":[{"@type":"ReadAction","target":["https:\/\/refan-lublin.pl\/index.php\/2025\/06\/19\/zapachowe-nowosci-co-nowego-na-rynku\/"]}]},{"@type":"BreadcrumbList","@id":"https:\/\/refan-lublin.pl\/index.php\/2025\/06\/19\/zapachowe-nowosci-co-nowego-na-rynku\/#breadcrumb","itemListElement":[{"@type":"ListItem","position":1,"name":"Strona g\u0142\u00f3wna","item":"https:\/\/refan-lublin.pl\/"},{"@type":"ListItem","position":2,"name":"Zapachowe nowo\u015bci: co nowego na rynku?"}]},{"@type":"WebSite","@id":"https:\/\/refan-lublin.pl\/#website","url":"https:\/\/refan-lublin.pl\/","name":"Tajemnice Piel\u0119gnacji","description":"","publisher":{"@id":"https:\/\/refan-lublin.pl\/#organization"},"potentialAction":[{"@type":"SearchAction","target":{"@type":"EntryPoint","urlTemplate":"https:\/\/refan-lublin.pl\/?s={search_term_string}"},"query-input":"required name=search_term_string"}],"inLanguage":"pl-PL"},{"@type":"Organization","@id":"https:\/\/refan-lublin.pl\/#organization","name":"Tajemnice Piel\u0119gnacji","url":"https:\/\/refan-lublin.pl\/","logo":{"@type":"ImageObject","inLanguage":"pl-PL","@id":"https:\/\/refan-lublin.pl\/#\/schema\/logo\/image\/","url":"https:\/\/refan-lublin.pl\/wp-content\/uploads\/2024\/10\/tajemnice-pielgnacji-high-resolution-logo-transparent.png","contentUrl":"https:\/\/refan-lublin.pl\/wp-content\/uploads\/2024\/10\/tajemnice-pielgnacji-high-resolution-logo-transparent.png","width":2000,"height":1261,"caption":"Tajemnice Piel\u0119gnacji"},"image":{"@id":"https:\/\/refan-lublin.pl\/#\/schema\/logo\/image\/"}},{"@type":"Person","@id":"https:\/\/refan-lublin.pl\/#\/schema\/person\/b601220824c73ecebc8d823ae717c131","name":"admin","image":{"@type":"ImageObject","inLanguage":"pl-PL","@id":"https:\/\/refan-lublin.pl\/#\/schema\/person\/image\/","url":"https:\/\/secure.gravatar.com\/avatar\/20f9971feab45143e013bdc999a9ec561b2b4cea2f903352b96d2e1fd8a2655e?s=96&d=mm&r=g","contentUrl":"https:\/\/secure.gravatar.com\/avatar\/20f9971feab45143e013bdc999a9ec561b2b4cea2f903352b96d2e1fd8a2655e?s=96&d=mm&r=g","caption":"admin"},"sameAs":["https:\/\/refan-lublin.pl"],"url":"https:\/\/refan-lublin.pl\/index.php\/author\/admin\/"}]}},"_links":{"self":[{"href":"https:\/\/refan-lublin.pl\/index.php\/wp-json\/wp\/v2\/posts\/151","targetHints":{"allow":["GET"]}}],"collection":[{"href":"https:\/\/refan-lublin.pl\/index.php\/wp-json\/wp\/v2\/posts"}],"about":[{"href":"https:\/\/refan-lublin.pl\/index.php\/wp-json\/wp\/v2\/types\/post"}],"author":[{"embeddable":true,"href":"https:\/\/refan-lublin.pl\/index.php\/wp-json\/wp\/v2\/users\/1"}],"replies":[{"embeddable":true,"href":"https:\/\/refan-lublin.pl\/index.php\/wp-json\/wp\/v2\/comments?post=151"}],"version-history":[{"count":1,"href":"https:\/\/refan-lublin.pl\/index.php\/wp-json\/wp\/v2\/posts\/151\/revisions"}],"predecessor-version":[{"id":287,"href":"https:\/\/refan-lublin.pl\/index.php\/wp-json\/wp\/v2\/posts\/151\/revisions\/287"}],"wp:featuredmedia":[{"embeddable":true,"href":"https:\/\/refan-lublin.pl\/index.php\/wp-json\/wp\/v2\/media\/150"}],"wp:attachment":[{"href":"https:\/\/refan-lublin.pl\/index.php\/wp-json\/wp\/v2\/media?parent=151"}],"wp:term":[{"taxonomy":"category","embeddable":true,"href":"https:\/\/refan-lublin.pl\/index.php\/wp-json\/wp\/v2\/categories?post=151"},{"taxonomy":"post_tag","embeddable":true,"href":"https:\/\/refan-lublin.pl\/index.php\/wp-json\/wp\/v2\/tags?post=151"}],"curies":[{"name":"wp","href":"https:\/\/api.w.org\/{rel}","templated":true}]}}