{"id":143,"date":"2025-05-18T03:55:59","date_gmt":"2025-05-18T01:55:59","guid":{"rendered":"https:\/\/refan-lublin.pl\/?p=143"},"modified":"2025-05-18T03:55:59","modified_gmt":"2025-05-18T01:55:59","slug":"jak-wybrac-odpowiednie-produkty-do-pielegnacji-wlosow-poradnik-dla-kazdego","status":"publish","type":"post","link":"https:\/\/refan-lublin.pl\/index.php\/2025\/05\/18\/jak-wybrac-odpowiednie-produkty-do-pielegnacji-wlosow-poradnik-dla-kazdego\/","title":{"rendered":"Jak wybra\u0107 odpowiednie produkty do piel\u0119gnacji w\u0142os\u00f3w: poradnik dla ka\u017cdego"},"content":{"rendered":"<h2>5 krok\u00f3w do wyboru idealnego szamponu i od\u017cywki dla Twojego typu w\u0142os\u00f3w<\/h2>\n<p>\nW dzisiejszych czasach wyb\u00f3r odpowiednich produkt\u00f3w do piel\u0119gnacji w\u0142os\u00f3w mo\u017ce by\u0107 przyt\u0142aczaj\u0105cy, bior\u0105c pod uwag\u0119 ilo\u015b\u0107 dost\u0119pnych na rynku szampon\u00f3w i od\u017cywek. Warto jednak zwr\u00f3ci\u0107 uwag\u0119 na kilka kluczowych krok\u00f3w, kt\u00f3re pomog\u0105 Ci dobra\u0107 idealne produkty do Twojego typu w\u0142os\u00f3w. Oto pi\u0119\u0107 krok\u00f3w do wyboru idealnego szamponu i od\u017cywki:\n<\/p>\n<ol>\n<li>Okre\u015blenie typu w\u0142os\u00f3w: Pocz\u0105tek drogi do znalezienia odpowiednich produkt\u00f3w do piel\u0119gnacji w\u0142os\u00f3w to zrozumienie ich typu. Czy Twoje w\u0142osy s\u0105 suche, t\u0142uste, zniszczone, kr\u0119cone czy mo\u017ce proste? Niezale\u017cnie od ich typu, istniej\u0105 dedykowane produkty przeznaczone do piel\u0119gnacji ka\u017cdego z tych rodzaj\u00f3w w\u0142os\u00f3w.<\/li>\n<li>Znalezienie odpowiednich sk\u0142adnik\u00f3w: Kiedy ju\u017c wiesz, jakiego typu s\u0105 Twoje w\u0142osy, czas na zwr\u00f3cenie uwagi na sk\u0142adniki zawarte w szamponach i od\u017cywkach. Na przyk\u0142ad, olejek arganowy jest doskona\u0142y dla suchych i zniszczonych w\u0142os\u00f3w, podczas gdy osoby z w\u0142osami t\u0142ustymi powinny poszukiwa\u0107 produkt\u00f3w z dodatkiem ekstraktu z zielonej herbaty lub aloesu.<\/li>\n<li>Zapoznanie z problemami sk\u00f3ry g\u0142owy: Nie zapominajmy o stanie sk\u00f3ry g\u0142owy, kt\u00f3ra jest \u017ar\u00f3d\u0142em zdrowia Twoich w\u0142os\u00f3w. Osoby borykaj\u0105ce si\u0119 z \u0142upie\u017cem powinny szuka\u0107 produkt\u00f3w przeciw\u0142upie\u017cowych, natomiast wra\u017cliwa sk\u00f3ra mo\u017ce wymaga\u0107 delikatnych formu\u0142 bez dodatk\u00f3w chemicznych.<\/li>\n<li>Unikanie szkodliwych substancji: Ogl\u0105daj etykiety i unikaj produkt\u00f3w zawieraj\u0105cych szkodliwe substancje, takie jak siarczany, parabeny czy ftalany. Szampony i od\u017cywki z naturalnymi sk\u0142adnikami b\u0119d\u0105 lepsze dla Twoich w\u0142os\u00f3w i og\u00f3lnego zdrowia.<\/li>\n<li>Pr\u00f3bowanie r\u00f3\u017cnych produkt\u00f3w: Nie zra\u017caj si\u0119, je\u015bli pierwszy szampon czy od\u017cywka, kt\u00f3re wypr\u00f3bowa\u0142e\u015b, okazuj\u0105 si\u0119 nieskuteczne. Ka\u017cdy organizm jest inny, dlatego warto eksperymentowa\u0107, a\u017c znajdziesz produkty, kt\u00f3re idealnie pasuj\u0105 do Twoich w\u0142os\u00f3w.<\/li>\n<\/ol>\n<p>\nPami\u0119taj, \u017ce piel\u0119gnacja w\u0142os\u00f3w jest procesem indywidualnym, dlatego warto po\u015bwi\u0119ci\u0107 troch\u0119 czasu na znalezienie idealnych produkt\u00f3w, kt\u00f3re zapewni\u0105 Twoim w\u0142osom zdrowie i pi\u0119kny wygl\u0105d.\n<\/p>\n<h2>Sk\u0142adniki aktywne w produktach do piel\u0119gnacji w\u0142os\u00f3w: jak je rozpozna\u0107?<\/h2>\n<p><span>Jak wybra\u0107 odpowiednie produkty do piel\u0119gnacji w\u0142os\u00f3w: poradnik dla ka\u017cdego<\/span><\/p>\n<p>Piel\u0119gnacja w\u0142os\u00f3w jest istotnym elementem codziennej rutyny piel\u0119gnacyjnej. Niezale\u017cnie od tego, czy Twoje w\u0142osy s\u0105 suche, t\u0142uste, kr\u0119cone, proste, farbowane czy naturalne, istniej\u0105 sk\u0142adniki aktywne, kt\u00f3re mog\u0105 pom\u00f3c w zachowaniu ich zdrowia i pi\u0119kna. Wyb\u00f3r odpowiednich produkt\u00f3w do piel\u0119gnacji w\u0142os\u00f3w mo\u017ce by\u0107 trudny, szczeg\u00f3lnie gdy na rynku jest tak wiele opcji do wyboru. Kluczem do skutecznej piel\u0119gnacji w\u0142os\u00f3w jest rozpoznanie sk\u0142adnik\u00f3w aktywnych zawartych w produktach do piel\u0119gnacji w\u0142os\u00f3w.<\/p>\n<p>Sk\u0142adniki aktywne w produktach do piel\u0119gnacji w\u0142os\u00f3w to substancje chemiczne lub naturalne sk\u0142adniki, kt\u00f3re maj\u0105 udowodnione dzia\u0142anie na kondycj\u0119 w\u0142os\u00f3w. Podczas wyboru odpowiednich produkt\u00f3w do piel\u0119gnacji w\u0142os\u00f3w wa\u017cne jest, aby skupi\u0107 si\u0119 na sk\u0142adnikach aktywnych obecnych w tych produktach. Oto kilka sk\u0142adnik\u00f3w aktywnych, na kt\u00f3re warto zwr\u00f3ci\u0107 uwag\u0119:<\/p>\n<p><strong>1. Olejek arganowy:<\/strong> bogaty w kwasy t\u0142uszczowe i witamin\u0119 E, doskonale nawil\u017ca i wzmacnia w\u0142osy, zapobiegaj\u0105c \u0142amliwo\u015bci i rozdwajaniu ko\u0144c\u00f3wek.<\/p>\n<p><strong>2. Proteiny keratynowe:<\/strong> pomagaj\u0105 w odbudowie struktury w\u0142osa, nadaj\u0105c mu si\u0142\u0119 i elastyczno\u015b\u0107.<\/p>\n<p><strong>3. Ekstrakt z aloesu:<\/strong> \u0142agodzi podra\u017cnienia sk\u00f3ry g\u0142owy, nawil\u017ca w\u0142osy i nadaje im zdrowy wygl\u0105d.<\/p>\n<p>Kiedy przegl\u0105dasz etykiety produkt\u00f3w do piel\u0119gnacji w\u0142os\u00f3w, zwr\u00f3\u0107 uwag\u0119 na obecno\u015b\u0107 tych sk\u0142adnik\u00f3w aktywnych. Warto r\u00f3wnie\u017c unika\u0107 produkt\u00f3w zawieraj\u0105cych szkodliwe substancje chemiczne, takie jak siarczany, parabeny i mineralne oleje. Wybieraj produkty, kt\u00f3re zawieraj\u0105 naturalne sk\u0142adniki aktywne, poniewa\u017c s\u0105 \u0142agodniejsze dla w\u0142os\u00f3w i sk\u00f3ry g\u0142owy.<\/p>\n<p>Pami\u0119taj, \u017ce ka\u017cdy rodzaj w\u0142os\u00f3w ma inne potrzeby, dlatego wa\u017cne jest dostosowanie piel\u0119gnacji do indywidualnych potrzeb swoich w\u0142os\u00f3w. Zrozumienie sk\u0142adnik\u00f3w aktywnych w produktach do piel\u0119gnacji w\u0142os\u00f3w pomo\u017ce Ci w wyborze produkt\u00f3w, kt\u00f3re jak najlepiej zadbasz\u0105 o zdrowie i pi\u0119kno Twoich w\u0142os\u00f3w.<\/p>\n<h2>Jak dobra\u0107 odpowiedni\u0105 piel\u0119gnacj\u0119 do specyfiki swoich w\u0142os\u00f3w: kr\u0119cone, proste, farbowane<\/h2>\n<p>Aby dobra\u0107 odpowiedni\u0105 piel\u0119gnacj\u0119 do specyfiki swoich w\u0142os\u00f3w, nale\u017cy wzi\u0105\u0107 pod uwag\u0119 ich naturaln\u0105 struktur\u0119 oraz wszelkie zabiegi chemiczne, jak farbowanie czy prostowanie, jakim by\u0142y poddane. W przypadku w\u0142os\u00f3w kr\u0119conych, wa\u017cne jest stosowanie nawil\u017caj\u0105cych szampon\u00f3w i od\u017cywek, kt\u00f3re pomog\u0105 zdefiniowa\u0107 skr\u0119t i zapobiegn\u0105 nadmiernemu puszeniu si\u0119. Mo\u017cna r\u00f3wnie\u017c rozwa\u017cy\u0107 stosowanie olej\u00f3w, aby nawil\u017cy\u0107 i ujarzmi\u0107 pusz\u0105ce si\u0119 kosmyki.<\/p>\n<p>Je\u015bli natomiast mamy do czynienia z w\u0142osami prostymi, warto si\u0119gn\u0105\u0107 po produkty pogrubiaj\u0105ce, kt\u00f3re dodadz\u0105 obj\u0119to\u015bci cienkim w\u0142osom. Dodatkowo, nale\u017cy zadba\u0107 o ochron\u0119 przed wysok\u0105 temperatur\u0105 podczas stylizacji, wybieraj\u0105c kosmetyki termoochronne. Je\u015bli w\u0142osy zosta\u0142y poddane zabiegowi farbowania, nale\u017cy regularnie stosowa\u0107 od\u017cywki i maski odbudowuj\u0105ce, kt\u00f3re zapewni\u0105 im odpowiednie nawil\u017cenie i od\u017cywienie, przywracaj\u0105c im blask i zdrowy wygl\u0105d.<\/p>\n<p>Niezale\u017cnie od rodzaju w\u0142os\u00f3w, zawsze wa\u017cne jest unikanie szkodliwych substancji takich jak siarczany, parabeny czy alkohol, kt\u00f3re mog\u0105 przesusza\u0107 i narusza\u0107 struktur\u0119 w\u0142os\u00f3w. Wybieraj\u0105c odpowiednie produkty do piel\u0119gnacji, warto zwr\u00f3ci\u0107 uwag\u0119 na sk\u0142ad i wybiera\u0107 te, kt\u00f3re zawieraj\u0105 naturalne sk\u0142adniki, takie jak olej arganowy, keratyna czy proteiny jedwabiu. Dzi\u0119ki odpowiedniemu doborowi produkt\u00f3w do piel\u0119gnacji, ka\u017cdy mo\u017ce cieszy\u0107 si\u0119 zdrowymi, l\u015bni\u0105cymi w\u0142osami, dopasowanymi do ich specyfiki.<\/p>\n<h2>Najlepsze techniki aplikacji kosmetyk\u00f3w do w\u0142os\u00f3w: szampon, od\u017cywka, maska, olej<\/h2>\n<p>\nWyb\u00f3r odpowiednich produkt\u00f3w do piel\u0119gnacji w\u0142os\u00f3w jest kluczowy dla utrzymania ich zdrowia i pi\u0119knego wygl\u0105du. Aby uzyska\u0107 najlepsze rezultaty, nie wystarczy jedynie zakupi\u0107 wysokiej jako\u015bci szampon, od\u017cywk\u0119, mask\u0119 czy olej. Wa\u017cne jest r\u00f3wnie\u017c odpowiednie zastosowanie tych kosmetyk\u00f3w, aby maksymalnie wykorzysta\u0107 ich dzia\u0142anie.<br \/>\nPrzy wyborze szamponu warto zwr\u00f3ci\u0107 uwag\u0119 na rodzaj w\u0142os\u00f3w &#8211; czy s\u0105 one suche, t\u0142uste, czy mo\u017ce przet\u0142uszczaj\u0105 si\u0119 szybko. Dla w\u0142os\u00f3w suchych i zniszczonych polecane s\u0105 szampony nawil\u017caj\u0105ce, zawieraj\u0105ce olej arganowy, kokosowy lub keratyn\u0119. W przypadku w\u0142os\u00f3w t\u0142ustych warto wybiera\u0107 szampony oczyszczaj\u0105ce, z dodatkiem sk\u0142adnik\u00f3w reguluj\u0105cych wydzielanie sebum. Niezale\u017cnie od rodzaju w\u0142os\u00f3w, nale\u017cy pami\u0119ta\u0107, aby szampon nak\u0142ada\u0107 na sk\u00f3r\u0119 g\u0142owy, delikatnie masuj\u0105c j\u0105, a nast\u0119pnie sp\u0142uka\u0107 dok\u0142adnie ciep\u0142\u0105 wod\u0105.<br \/>\nOd\u017cywka do w\u0142os\u00f3w powinna odpowiada\u0107 rodzajowi i kondycji w\u0142os\u00f3w. W przypadku w\u0142os\u00f3w suchych i pozbawionych blasku, warto wybra\u0107 od\u017cywk\u0119 regeneruj\u0105c\u0105, zawieraj\u0105c\u0105 olej arganowy, mas\u0142o shea lub keratyn\u0119. Natomiast dla w\u0142os\u00f3w cienkich i pozbawionych obj\u0119to\u015bci lepsze b\u0119d\u0105 od\u017cywki z dodatkiem protein, kolagenu lub ekstraktu z bambusa. Aplikacja od\u017cywki polega na rozprowadzeniu jej r\u00f3wnomiernie na ca\u0142ej d\u0142ugo\u015bci w\u0142os\u00f3w, unikaj\u0105c kontaktu z sk\u00f3r\u0105 g\u0142owy, a nast\u0119pnie pozostawienie na kilka minut przed dok\u0142adnym sp\u0142ukaniem.<br \/>\nMaska do w\u0142os\u00f3w to intensywne dzia\u0142anie, kt\u00f3re warto stosowa\u0107 raz w tygodniu. Dla w\u0142os\u00f3w farbowanych lub os\u0142abionych przydatne b\u0119d\u0105 maski od\u017cywcze z dodatkiem olejk\u00f3w ro\u015blinnych, witamin i keratyny. Natomiast dla w\u0142os\u00f3w suchych i \u0142amliwych warto wybiera\u0107 maski g\u0142\u0119boko nawil\u017caj\u0105ce, bogate w mas\u0142o shea, olej arganowy czy ekstrakt z awokado. Po umyciu w\u0142os\u00f3w szamponem i na\u0142o\u017ceniu od\u017cywki, mask\u0119 nak\u0142adamy na wilgotne w\u0142osy, r\u00f3wnomiernie rozprowadzaj\u0105c j\u0105 po ca\u0142ej d\u0142ugo\u015bci w\u0142os\u00f3w, a nast\u0119pnie pozostawiamy na kilkana\u015bcie minut przed dok\u0142adnym sp\u0142ukaniem.<br \/>\nOlejki do w\u0142os\u00f3w stanowi\u0105 doskona\u0142e uzupe\u0142nienie codziennej piel\u0119gnacji. Dla w\u0142os\u00f3w suchych, zniszczonych i elektryzuj\u0105cych si\u0119 polecane s\u0105 olejki arganowe, kokosowe lub z awokado. Natomiast dla w\u0142os\u00f3w t\u0142ustych najlepsze b\u0119d\u0105 olejki z lawendy, rozmarynu czy cytryny, kt\u00f3re dodatkowo pomog\u0105 w regulacji wydzielania sebum. Olejki nak\u0142adamy na ko\u0144c\u00f3wki w\u0142os\u00f3w, unikaj\u0105c kontaktu z sk\u00f3r\u0105 g\u0142owy, a nast\u0119pnie pozostawiamy na kilka godzin lub na noc, by skutecznie nawil\u017cy\u0107 i od\u017cywi\u0107 w\u0142osy.<br \/>\nDob\u00f3r odpowiednich kosmetyk\u00f3w do piel\u0119gnacji w\u0142os\u00f3w jest wa\u017cny, jednak r\u00f3wnie istotne jest stosowanie w\u0142a\u015bciwych technik aplikacji, aby uzyska\u0107 maksymalne korzy\u015bci z ich dzia\u0142ania. Pami\u0119tajmy o regularnym stosowaniu, cz\u0119stym podcinaniu ko\u0144c\u00f3wek i unikaniu nadmiernego obci\u0105\u017cania w\u0142os\u00f3w. Dzi\u0119ki tym prostym krokom mo\u017cemy cieszy\u0107 si\u0119 zdrowymi, l\u015bni\u0105cymi w\u0142osami bez konieczno\u015bci wydawania fortuny na salonowe zabiegi.<\/p>\n","protected":false},"excerpt":{"rendered":"<p>Artyku\u0142 &#8222;5 krok\u00f3w do wyboru idealnego szamponu i od\u017cywki dla Twojego typu w\u0142os\u00f3w&#8221; przedstawia pi\u0119\u0107 kluczowych krok\u00f3w, kt\u00f3re pomog\u0105 w doborze odpowiednich produkt\u00f3w do piel\u0119gnacji w\u0142os\u00f3w, poczynaj\u0105c od okre\u015blenia typu w\u0142os\u00f3w po unikanie szkodliwych substancji. Autor podkre\u015bla znaczenie zapoznania si\u0119 ze sk\u0142adnikami, problemami sk\u00f3ry g\u0142owy oraz pr\u00f3bowania r\u00f3\u017cnych produkt\u00f3w, aby znale\u017a\u0107 idealne dla w\u0142os\u00f3w. Druga cz\u0119\u015b\u0107 artyku\u0142u koncentruje si\u0119 na sk\u0142adnikach aktywnych w produktach do piel\u0119gnacji w\u0142os\u00f3w, takich jak olejek arganowy, proteiny keratynowe i ekstrakt z aloesu, kt\u00f3re maj\u0105 udokumentowane korzystne dzia\u0142anie na zdrowie i wygl\u0105d w\u0142os\u00f3w. Ca\u0142o\u015b\u0107 artyku\u0142u zach\u0119ca do indywidualnego podej\u015bcia do piel\u0119gnacji w\u0142os\u00f3w oraz skupienia uwagi na sk\u0142adnikach aktywnych podczas wyboru produkt\u00f3w do piel\u0119gnacji w\u0142os\u00f3w. Dzi\u0119ki temu czytelnik zostaje zaproszony do bli\u017cszego zapoznania si\u0119 z tre\u015bci\u0105 artyku\u0142u, co mo\u017ce pom\u00f3c mu w lepszym zrozumieniu i poprawie piel\u0119gnacji swoich w\u0142os\u00f3w.<\/p>\n","protected":false},"author":1,"featured_media":142,"comment_status":"closed","ping_status":"open","sticky":false,"template":"","format":"standard","meta":{"footnotes":""},"categories":[82],"tags":[],"class_list":["post-143","post","type-post","status-publish","format-standard","has-post-thumbnail","hentry","category-pielegnacja-wlosow"],"yoast_head":"<!-- This site is optimized with the Yoast SEO plugin v20.10 - https:\/\/yoast.com\/wordpress\/plugins\/seo\/ -->\n<title>Jak wybra\u0107 odpowiednie produkty do piel\u0119gnacji w\u0142os\u00f3w: poradnik dla ka\u017cdego - Tajemnice Piel\u0119gnacji<\/title>\n<meta name=\"robots\" content=\"index, follow, max-snippet:-1, max-image-preview:large, max-video-preview:-1\" \/>\n<link rel=\"canonical\" href=\"https:\/\/refan-lublin.pl\/index.php\/2025\/05\/18\/jak-wybrac-odpowiednie-produkty-do-pielegnacji-wlosow-poradnik-dla-kazdego\/\" \/>\n<meta property=\"og:locale\" content=\"pl_PL\" \/>\n<meta property=\"og:type\" content=\"article\" \/>\n<meta property=\"og:title\" content=\"Jak wybra\u0107 odpowiednie produkty do piel\u0119gnacji w\u0142os\u00f3w: poradnik dla ka\u017cdego - Tajemnice Piel\u0119gnacji\" \/>\n<meta property=\"og:description\" content=\"Artyku\u0142 &quot;5 krok\u00f3w do wyboru idealnego szamponu i od\u017cywki dla Twojego typu w\u0142os\u00f3w&quot; przedstawia pi\u0119\u0107 kluczowych krok\u00f3w, kt\u00f3re pomog\u0105 w doborze odpowiednich produkt\u00f3w do piel\u0119gnacji w\u0142os\u00f3w, poczynaj\u0105c od okre\u015blenia typu w\u0142os\u00f3w po unikanie szkodliwych substancji. Autor podkre\u015bla znaczenie zapoznania si\u0119 ze sk\u0142adnikami, problemami sk\u00f3ry g\u0142owy oraz pr\u00f3bowania r\u00f3\u017cnych produkt\u00f3w, aby znale\u017a\u0107 idealne dla w\u0142os\u00f3w. Druga cz\u0119\u015b\u0107 artyku\u0142u koncentruje si\u0119 na sk\u0142adnikach aktywnych w produktach do piel\u0119gnacji w\u0142os\u00f3w, takich jak olejek arganowy, proteiny keratynowe i ekstrakt z aloesu, kt\u00f3re maj\u0105 udokumentowane korzystne dzia\u0142anie na zdrowie i wygl\u0105d w\u0142os\u00f3w. Ca\u0142o\u015b\u0107 artyku\u0142u zach\u0119ca do indywidualnego podej\u015bcia do piel\u0119gnacji w\u0142os\u00f3w oraz skupienia uwagi na sk\u0142adnikach aktywnych podczas wyboru produkt\u00f3w do piel\u0119gnacji w\u0142os\u00f3w. Dzi\u0119ki temu czytelnik zostaje zaproszony do bli\u017cszego zapoznania si\u0119 z tre\u015bci\u0105 artyku\u0142u, co mo\u017ce pom\u00f3c mu w lepszym zrozumieniu i poprawie piel\u0119gnacji swoich w\u0142os\u00f3w.\" \/>\n<meta property=\"og:url\" content=\"https:\/\/refan-lublin.pl\/index.php\/2025\/05\/18\/jak-wybrac-odpowiednie-produkty-do-pielegnacji-wlosow-poradnik-dla-kazdego\/\" \/>\n<meta property=\"og:site_name\" content=\"Tajemnice Piel\u0119gnacji\" \/>\n<meta property=\"article:published_time\" content=\"2025-05-18T01:55:59+00:00\" \/>\n<meta property=\"og:image\" content=\"https:\/\/refan-lublin.pl\/wp-content\/uploads\/2024\/10\/post_photo-67.webp\" \/>\n\t<meta property=\"og:image:width\" content=\"1024\" \/>\n\t<meta property=\"og:image:height\" content=\"1024\" \/>\n\t<meta property=\"og:image:type\" content=\"image\/webp\" \/>\n<meta name=\"author\" content=\"admin\" \/>\n<meta name=\"twitter:card\" content=\"summary_large_image\" \/>\n<meta name=\"twitter:label1\" content=\"Napisane przez\" \/>\n\t<meta name=\"twitter:data1\" content=\"admin\" \/>\n\t<meta name=\"twitter:label2\" content=\"Szacowany czas czytania\" \/>\n\t<meta name=\"twitter:data2\" content=\"8 minut\" \/>\n<script type=\"application\/ld+json\" class=\"yoast-schema-graph\">{\"@context\":\"https:\/\/schema.org\",\"@graph\":[{\"@type\":\"Article\",\"@id\":\"https:\/\/refan-lublin.pl\/index.php\/2025\/05\/18\/jak-wybrac-odpowiednie-produkty-do-pielegnacji-wlosow-poradnik-dla-kazdego\/#article\",\"isPartOf\":{\"@id\":\"https:\/\/refan-lublin.pl\/index.php\/2025\/05\/18\/jak-wybrac-odpowiednie-produkty-do-pielegnacji-wlosow-poradnik-dla-kazdego\/\"},\"author\":{\"name\":\"admin\",\"@id\":\"https:\/\/refan-lublin.pl\/#\/schema\/person\/b601220824c73ecebc8d823ae717c131\"},\"headline\":\"Jak wybra\u0107 odpowiednie produkty do piel\u0119gnacji w\u0142os\u00f3w: poradnik dla ka\u017cdego\",\"datePublished\":\"2025-05-18T01:55:59+00:00\",\"dateModified\":\"2025-05-18T01:55:59+00:00\",\"mainEntityOfPage\":{\"@id\":\"https:\/\/refan-lublin.pl\/index.php\/2025\/05\/18\/jak-wybrac-odpowiednie-produkty-do-pielegnacji-wlosow-poradnik-dla-kazdego\/\"},\"wordCount\":1571,\"publisher\":{\"@id\":\"https:\/\/refan-lublin.pl\/#organization\"},\"articleSection\":[\"Piel\u0119gnacja W\u0142os\u00f3w\"],\"inLanguage\":\"pl-PL\"},{\"@type\":\"WebPage\",\"@id\":\"https:\/\/refan-lublin.pl\/index.php\/2025\/05\/18\/jak-wybrac-odpowiednie-produkty-do-pielegnacji-wlosow-poradnik-dla-kazdego\/\",\"url\":\"https:\/\/refan-lublin.pl\/index.php\/2025\/05\/18\/jak-wybrac-odpowiednie-produkty-do-pielegnacji-wlosow-poradnik-dla-kazdego\/\",\"name\":\"Jak wybra\u0107 odpowiednie produkty do piel\u0119gnacji w\u0142os\u00f3w: poradnik dla ka\u017cdego - Tajemnice Piel\u0119gnacji\",\"isPartOf\":{\"@id\":\"https:\/\/refan-lublin.pl\/#website\"},\"datePublished\":\"2025-05-18T01:55:59+00:00\",\"dateModified\":\"2025-05-18T01:55:59+00:00\",\"breadcrumb\":{\"@id\":\"https:\/\/refan-lublin.pl\/index.php\/2025\/05\/18\/jak-wybrac-odpowiednie-produkty-do-pielegnacji-wlosow-poradnik-dla-kazdego\/#breadcrumb\"},\"inLanguage\":\"pl-PL\",\"potentialAction\":[{\"@type\":\"ReadAction\",\"target\":[\"https:\/\/refan-lublin.pl\/index.php\/2025\/05\/18\/jak-wybrac-odpowiednie-produkty-do-pielegnacji-wlosow-poradnik-dla-kazdego\/\"]}]},{\"@type\":\"BreadcrumbList\",\"@id\":\"https:\/\/refan-lublin.pl\/index.php\/2025\/05\/18\/jak-wybrac-odpowiednie-produkty-do-pielegnacji-wlosow-poradnik-dla-kazdego\/#breadcrumb\",\"itemListElement\":[{\"@type\":\"ListItem\",\"position\":1,\"name\":\"Strona g\u0142\u00f3wna\",\"item\":\"https:\/\/refan-lublin.pl\/\"},{\"@type\":\"ListItem\",\"position\":2,\"name\":\"Jak wybra\u0107 odpowiednie produkty do piel\u0119gnacji w\u0142os\u00f3w: poradnik dla ka\u017cdego\"}]},{\"@type\":\"WebSite\",\"@id\":\"https:\/\/refan-lublin.pl\/#website\",\"url\":\"https:\/\/refan-lublin.pl\/\",\"name\":\"Tajemnice Piel\u0119gnacji\",\"description\":\"\",\"publisher\":{\"@id\":\"https:\/\/refan-lublin.pl\/#organization\"},\"potentialAction\":[{\"@type\":\"SearchAction\",\"target\":{\"@type\":\"EntryPoint\",\"urlTemplate\":\"https:\/\/refan-lublin.pl\/?s={search_term_string}\"},\"query-input\":\"required name=search_term_string\"}],\"inLanguage\":\"pl-PL\"},{\"@type\":\"Organization\",\"@id\":\"https:\/\/refan-lublin.pl\/#organization\",\"name\":\"Tajemnice Piel\u0119gnacji\",\"url\":\"https:\/\/refan-lublin.pl\/\",\"logo\":{\"@type\":\"ImageObject\",\"inLanguage\":\"pl-PL\",\"@id\":\"https:\/\/refan-lublin.pl\/#\/schema\/logo\/image\/\",\"url\":\"https:\/\/refan-lublin.pl\/wp-content\/uploads\/2024\/10\/tajemnice-pielgnacji-high-resolution-logo-transparent.png\",\"contentUrl\":\"https:\/\/refan-lublin.pl\/wp-content\/uploads\/2024\/10\/tajemnice-pielgnacji-high-resolution-logo-transparent.png\",\"width\":2000,\"height\":1261,\"caption\":\"Tajemnice Piel\u0119gnacji\"},\"image\":{\"@id\":\"https:\/\/refan-lublin.pl\/#\/schema\/logo\/image\/\"}},{\"@type\":\"Person\",\"@id\":\"https:\/\/refan-lublin.pl\/#\/schema\/person\/b601220824c73ecebc8d823ae717c131\",\"name\":\"admin\",\"image\":{\"@type\":\"ImageObject\",\"inLanguage\":\"pl-PL\",\"@id\":\"https:\/\/refan-lublin.pl\/#\/schema\/person\/image\/\",\"url\":\"https:\/\/secure.gravatar.com\/avatar\/20f9971feab45143e013bdc999a9ec561b2b4cea2f903352b96d2e1fd8a2655e?s=96&d=mm&r=g\",\"contentUrl\":\"https:\/\/secure.gravatar.com\/avatar\/20f9971feab45143e013bdc999a9ec561b2b4cea2f903352b96d2e1fd8a2655e?s=96&d=mm&r=g\",\"caption\":\"admin\"},\"sameAs\":[\"https:\/\/refan-lublin.pl\"],\"url\":\"https:\/\/refan-lublin.pl\/index.php\/author\/admin\/\"}]}<\/script>\n<!-- \/ Yoast SEO plugin. -->","yoast_head_json":{"title":"Jak wybra\u0107 odpowiednie produkty do piel\u0119gnacji w\u0142os\u00f3w: poradnik dla ka\u017cdego - Tajemnice Piel\u0119gnacji","robots":{"index":"index","follow":"follow","max-snippet":"max-snippet:-1","max-image-preview":"max-image-preview:large","max-video-preview":"max-video-preview:-1"},"canonical":"https:\/\/refan-lublin.pl\/index.php\/2025\/05\/18\/jak-wybrac-odpowiednie-produkty-do-pielegnacji-wlosow-poradnik-dla-kazdego\/","og_locale":"pl_PL","og_type":"article","og_title":"Jak wybra\u0107 odpowiednie produkty do piel\u0119gnacji w\u0142os\u00f3w: poradnik dla ka\u017cdego - Tajemnice Piel\u0119gnacji","og_description":"Artyku\u0142 \"5 krok\u00f3w do wyboru idealnego szamponu i od\u017cywki dla Twojego typu w\u0142os\u00f3w\" przedstawia pi\u0119\u0107 kluczowych krok\u00f3w, kt\u00f3re pomog\u0105 w doborze odpowiednich produkt\u00f3w do piel\u0119gnacji w\u0142os\u00f3w, poczynaj\u0105c od okre\u015blenia typu w\u0142os\u00f3w po unikanie szkodliwych substancji. Autor podkre\u015bla znaczenie zapoznania si\u0119 ze sk\u0142adnikami, problemami sk\u00f3ry g\u0142owy oraz pr\u00f3bowania r\u00f3\u017cnych produkt\u00f3w, aby znale\u017a\u0107 idealne dla w\u0142os\u00f3w. Druga cz\u0119\u015b\u0107 artyku\u0142u koncentruje si\u0119 na sk\u0142adnikach aktywnych w produktach do piel\u0119gnacji w\u0142os\u00f3w, takich jak olejek arganowy, proteiny keratynowe i ekstrakt z aloesu, kt\u00f3re maj\u0105 udokumentowane korzystne dzia\u0142anie na zdrowie i wygl\u0105d w\u0142os\u00f3w. Ca\u0142o\u015b\u0107 artyku\u0142u zach\u0119ca do indywidualnego podej\u015bcia do piel\u0119gnacji w\u0142os\u00f3w oraz skupienia uwagi na sk\u0142adnikach aktywnych podczas wyboru produkt\u00f3w do piel\u0119gnacji w\u0142os\u00f3w. Dzi\u0119ki temu czytelnik zostaje zaproszony do bli\u017cszego zapoznania si\u0119 z tre\u015bci\u0105 artyku\u0142u, co mo\u017ce pom\u00f3c mu w lepszym zrozumieniu i poprawie piel\u0119gnacji swoich w\u0142os\u00f3w.","og_url":"https:\/\/refan-lublin.pl\/index.php\/2025\/05\/18\/jak-wybrac-odpowiednie-produkty-do-pielegnacji-wlosow-poradnik-dla-kazdego\/","og_site_name":"Tajemnice Piel\u0119gnacji","article_published_time":"2025-05-18T01:55:59+00:00","og_image":[{"width":1024,"height":1024,"url":"https:\/\/refan-lublin.pl\/wp-content\/uploads\/2024\/10\/post_photo-67.webp","type":"image\/webp"}],"author":"admin","twitter_card":"summary_large_image","twitter_misc":{"Napisane przez":"admin","Szacowany czas czytania":"8 minut"},"schema":{"@context":"https:\/\/schema.org","@graph":[{"@type":"Article","@id":"https:\/\/refan-lublin.pl\/index.php\/2025\/05\/18\/jak-wybrac-odpowiednie-produkty-do-pielegnacji-wlosow-poradnik-dla-kazdego\/#article","isPartOf":{"@id":"https:\/\/refan-lublin.pl\/index.php\/2025\/05\/18\/jak-wybrac-odpowiednie-produkty-do-pielegnacji-wlosow-poradnik-dla-kazdego\/"},"author":{"name":"admin","@id":"https:\/\/refan-lublin.pl\/#\/schema\/person\/b601220824c73ecebc8d823ae717c131"},"headline":"Jak wybra\u0107 odpowiednie produkty do piel\u0119gnacji w\u0142os\u00f3w: poradnik dla ka\u017cdego","datePublished":"2025-05-18T01:55:59+00:00","dateModified":"2025-05-18T01:55:59+00:00","mainEntityOfPage":{"@id":"https:\/\/refan-lublin.pl\/index.php\/2025\/05\/18\/jak-wybrac-odpowiednie-produkty-do-pielegnacji-wlosow-poradnik-dla-kazdego\/"},"wordCount":1571,"publisher":{"@id":"https:\/\/refan-lublin.pl\/#organization"},"articleSection":["Piel\u0119gnacja W\u0142os\u00f3w"],"inLanguage":"pl-PL"},{"@type":"WebPage","@id":"https:\/\/refan-lublin.pl\/index.php\/2025\/05\/18\/jak-wybrac-odpowiednie-produkty-do-pielegnacji-wlosow-poradnik-dla-kazdego\/","url":"https:\/\/refan-lublin.pl\/index.php\/2025\/05\/18\/jak-wybrac-odpowiednie-produkty-do-pielegnacji-wlosow-poradnik-dla-kazdego\/","name":"Jak wybra\u0107 odpowiednie produkty do piel\u0119gnacji w\u0142os\u00f3w: poradnik dla ka\u017cdego - Tajemnice Piel\u0119gnacji","isPartOf":{"@id":"https:\/\/refan-lublin.pl\/#website"},"datePublished":"2025-05-18T01:55:59+00:00","dateModified":"2025-05-18T01:55:59+00:00","breadcrumb":{"@id":"https:\/\/refan-lublin.pl\/index.php\/2025\/05\/18\/jak-wybrac-odpowiednie-produkty-do-pielegnacji-wlosow-poradnik-dla-kazdego\/#breadcrumb"},"inLanguage":"pl-PL","potentialAction":[{"@type":"ReadAction","target":["https:\/\/refan-lublin.pl\/index.php\/2025\/05\/18\/jak-wybrac-odpowiednie-produkty-do-pielegnacji-wlosow-poradnik-dla-kazdego\/"]}]},{"@type":"BreadcrumbList","@id":"https:\/\/refan-lublin.pl\/index.php\/2025\/05\/18\/jak-wybrac-odpowiednie-produkty-do-pielegnacji-wlosow-poradnik-dla-kazdego\/#breadcrumb","itemListElement":[{"@type":"ListItem","position":1,"name":"Strona g\u0142\u00f3wna","item":"https:\/\/refan-lublin.pl\/"},{"@type":"ListItem","position":2,"name":"Jak wybra\u0107 odpowiednie produkty do piel\u0119gnacji w\u0142os\u00f3w: poradnik dla ka\u017cdego"}]},{"@type":"WebSite","@id":"https:\/\/refan-lublin.pl\/#website","url":"https:\/\/refan-lublin.pl\/","name":"Tajemnice Piel\u0119gnacji","description":"","publisher":{"@id":"https:\/\/refan-lublin.pl\/#organization"},"potentialAction":[{"@type":"SearchAction","target":{"@type":"EntryPoint","urlTemplate":"https:\/\/refan-lublin.pl\/?s={search_term_string}"},"query-input":"required name=search_term_string"}],"inLanguage":"pl-PL"},{"@type":"Organization","@id":"https:\/\/refan-lublin.pl\/#organization","name":"Tajemnice Piel\u0119gnacji","url":"https:\/\/refan-lublin.pl\/","logo":{"@type":"ImageObject","inLanguage":"pl-PL","@id":"https:\/\/refan-lublin.pl\/#\/schema\/logo\/image\/","url":"https:\/\/refan-lublin.pl\/wp-content\/uploads\/2024\/10\/tajemnice-pielgnacji-high-resolution-logo-transparent.png","contentUrl":"https:\/\/refan-lublin.pl\/wp-content\/uploads\/2024\/10\/tajemnice-pielgnacji-high-resolution-logo-transparent.png","width":2000,"height":1261,"caption":"Tajemnice Piel\u0119gnacji"},"image":{"@id":"https:\/\/refan-lublin.pl\/#\/schema\/logo\/image\/"}},{"@type":"Person","@id":"https:\/\/refan-lublin.pl\/#\/schema\/person\/b601220824c73ecebc8d823ae717c131","name":"admin","image":{"@type":"ImageObject","inLanguage":"pl-PL","@id":"https:\/\/refan-lublin.pl\/#\/schema\/person\/image\/","url":"https:\/\/secure.gravatar.com\/avatar\/20f9971feab45143e013bdc999a9ec561b2b4cea2f903352b96d2e1fd8a2655e?s=96&d=mm&r=g","contentUrl":"https:\/\/secure.gravatar.com\/avatar\/20f9971feab45143e013bdc999a9ec561b2b4cea2f903352b96d2e1fd8a2655e?s=96&d=mm&r=g","caption":"admin"},"sameAs":["https:\/\/refan-lublin.pl"],"url":"https:\/\/refan-lublin.pl\/index.php\/author\/admin\/"}]}},"_links":{"self":[{"href":"https:\/\/refan-lublin.pl\/index.php\/wp-json\/wp\/v2\/posts\/143","targetHints":{"allow":["GET"]}}],"collection":[{"href":"https:\/\/refan-lublin.pl\/index.php\/wp-json\/wp\/v2\/posts"}],"about":[{"href":"https:\/\/refan-lublin.pl\/index.php\/wp-json\/wp\/v2\/types\/post"}],"author":[{"embeddable":true,"href":"https:\/\/refan-lublin.pl\/index.php\/wp-json\/wp\/v2\/users\/1"}],"replies":[{"embeddable":true,"href":"https:\/\/refan-lublin.pl\/index.php\/wp-json\/wp\/v2\/comments?post=143"}],"version-history":[{"count":1,"href":"https:\/\/refan-lublin.pl\/index.php\/wp-json\/wp\/v2\/posts\/143\/revisions"}],"predecessor-version":[{"id":278,"href":"https:\/\/refan-lublin.pl\/index.php\/wp-json\/wp\/v2\/posts\/143\/revisions\/278"}],"wp:featuredmedia":[{"embeddable":true,"href":"https:\/\/refan-lublin.pl\/index.php\/wp-json\/wp\/v2\/media\/142"}],"wp:attachment":[{"href":"https:\/\/refan-lublin.pl\/index.php\/wp-json\/wp\/v2\/media?parent=143"}],"wp:term":[{"taxonomy":"category","embeddable":true,"href":"https:\/\/refan-lublin.pl\/index.php\/wp-json\/wp\/v2\/categories?post=143"},{"taxonomy":"post_tag","embeddable":true,"href":"https:\/\/refan-lublin.pl\/index.php\/wp-json\/wp\/v2\/tags?post=143"}],"curies":[{"name":"wp","href":"https:\/\/api.w.org\/{rel}","templated":true}]}}