{"id":129,"date":"2025-03-16T19:43:33","date_gmt":"2025-03-16T18:43:33","guid":{"rendered":"https:\/\/refan-lublin.pl\/?p=129"},"modified":"2025-03-16T19:43:33","modified_gmt":"2025-03-16T18:43:33","slug":"innowacyjne-zapachy-sezonu","status":"publish","type":"post","link":"https:\/\/refan-lublin.pl\/index.php\/2025\/03\/16\/innowacyjne-zapachy-sezonu\/","title":{"rendered":"Innowacyjne zapachy sezonu"},"content":{"rendered":"<h2>Nowe trendy w perfumeryjnych zapachach<\/h2>\n<p>\nSezonowe trendy w perfumeryjnych zapachach stale ewoluuj\u0105, odpowiadaj\u0105c na zmieniaj\u0105ce si\u0119 gusta i preferencje konsument\u00f3w. W ostatnich latach obserwujemy rosn\u0105ce zainteresowanie innowacyjnymi zapachami, kt\u00f3re wyznaczaj\u0105 nowe standardy w \u015bwiecie perfum. Nowoczesne kompozycje zapachowe skupiaj\u0105 si\u0119 na zaskakuj\u0105cych kombinacjach sk\u0142adnik\u00f3w, kt\u00f3re tworz\u0105 unikatowe i porywaj\u0105ce aromaty.<\/p>\n<p>W\u015br\u00f3d nowych trend\u00f3w w perfumeryjnych zapachach dominuje inspiracja natur\u0105 i poszukiwanie nietypowych kompozycji. \u015awie\u017ce zapachy inspirowane natur\u0105, takie jak morska bryza, trawy czy kwiaty polne, zyskuj\u0105 na popularno\u015bci, dzia\u0142aj\u0105c jak od\u015bwie\u017caj\u0105cy akcent w letnich kompozycjach. Klienci coraz ch\u0119tniej si\u0119gaj\u0105 po perfumy, kt\u00f3re przypominaj\u0105 o wakacyjnych wspomnieniach i urzekaj\u0105 oryginalnym po\u0142\u0105czeniem sk\u0142adnik\u00f3w.<\/p>\n<p>Kolejnym istotnym trendem w perfumeryjnych zapachach jest poszukiwanie nowych dozna\u0144 zapachowych poprzez eksperymentowanie z nietypowymi sk\u0142adnikami. Coraz cz\u0119\u015bciej spotykamy si\u0119 z kompozycjami, w kt\u00f3rych pojawiaj\u0105 si\u0119 nuty sk\u00f3ry, kadzid\u0142a czy nawet pieprzu, kt\u00f3re nadaj\u0105 perfumom charakterystyczny i nietuzinkowy charakter. To odwa\u017cne podej\u015bcie do tworzenia zapach\u00f3w przyci\u0105ga uwag\u0119 konsument\u00f3w poszukuj\u0105cych czego\u015b nowego i niebanalnego.<\/p>\n<p>Innowacyjne zapachy sezonu s\u0105 zatem zdominowane przez inspiracj\u0119 natur\u0105 oraz eksperymentowanie z nietypowymi sk\u0142adnikami. Nowe trendy w perfumeryjnych zapachach pozwalaj\u0105 na odkrywanie \u015bwie\u017cych kompozycji, kt\u00f3re spe\u0142niaj\u0105 oczekiwania wsp\u00f3\u0142czesnych konsument\u00f3w poszukuj\u0105cych wyj\u0105tkowych dozna\u0144 zmys\u0142owych.\n<\/p>\n<h2>Wiosenne zapachy inspirowane natur\u0105<\/h2>\n<p>\nWiosna to czas, kiedy natura budzi si\u0119 do \u017cycia, a z ni\u0105 pojawiaj\u0105 si\u0119 nowe, \u015bwie\u017ce zapachy, inspiruj\u0105ce nasze zmys\u0142y. Wiosenne zapachy inspirowane natur\u0105 sta\u0142y si\u0119 obecnie jednym z najgor\u0119tszych trend\u00f3w w \u015bwiecie perfum. Marki perfumeryjne coraz cz\u0119\u015bciej si\u0119gaj\u0105 po naturalne sk\u0142adniki, aby stworzy\u0107 unikalne kompozycje, kt\u00f3re doskonale oddadz\u0105 atmosfer\u0119 wiosennych dni. Kwiatowe nuty magnolii, ja\u015bminu, czy kwiatu wi\u015bni wyr\u00f3\u017cniaj\u0105 si\u0119 w\u015br\u00f3d innowacyjnych zapach\u00f3w sezonu, przypominaj\u0105c nam o \u015bwie\u017co\u015bci i delikatno\u015bci natury wiosn\u0105.\n<\/p>\n<h2>Innowacyjne technologie w produkcji zapach\u00f3w<\/h2>\n<p>Innowacyjne zapachy sezonu to temat, kt\u00f3ry przyci\u0105ga uwag\u0119 mi\u0142o\u015bnik\u00f3w perfum. Jednak, co sprawia, \u017ce te zapachy s\u0105 tak unikatowe i przykuwaj\u0105ce uwag\u0119? Ot\u00f3\u017c, kluczem do tego s\u0105 innowacyjne technologie wykorzystywane w produkcji zapach\u00f3w. Dzi\u0119ki nim, perfumiarze s\u0105 w stanie tworzy\u0107 niezwyk\u0142e kompozycje zapachowe, kt\u00f3re zaskakuj\u0105 i zachwycaj\u0105 zmys\u0142y.<\/p>\n<h2>Przysz\u0142o\u015b\u0107 perfumeryjnych trend\u00f3w<\/h2>\n<p>Przysz\u0142o\u015b\u0107 perfumeryjnych trend\u00f3w obiecuje niesamowite innowacje w \u015bwiatku zapach\u00f3w, kt\u00f3re zachwyc\u0105 wszystkich mi\u0142o\u015bnik\u00f3w perfum. Nowe technologie i trendy w sk\u0142adnikach zapachowych otwieraj\u0105 drzwi do niezwyk\u0142ych kombinacji, kt\u00f3re przynios\u0105 \u015bwie\u017ce i porywaj\u0105ce zapachy sezonu. W najnowszej erze perfumeryjnych kompozycji k\u0142adzie si\u0119 nacisk na zr\u00f3wnowa\u017cone sk\u0142adniki ro\u015blinne, kt\u00f3re nie tylko daj\u0105 znakomity zapach, ale r\u00f3wnie\u017c dbaj\u0105 o \u015brodowisko. Wykorzystanie naturalnych olejk\u00f3w eterycznych, ekstrakt\u00f3w ro\u015blinnych oraz organicznych substancji zapachowych staje si\u0119 coraz bardziej popularne, odpowiadaj\u0105c na rosn\u0105ce zainteresowanie konsument\u00f3w ekologicznymi i eko-friendly produktami.<\/p>\n<p>Jednak przysz\u0142o\u015b\u0107 zapach\u00f3w to nie tylko ekologia, ale tak\u017ce nowoczesne technologie. Perfumiarze eksperymentuj\u0105 z syntetycznymi sk\u0142adnikami, kt\u00f3re pozwalaj\u0105 na tworzenie zapach\u00f3w o niezr\u00f3wnanym charakterze i trwa\u0142o\u015bci. Mikrokapsu\u0142kowanie zapach\u00f3w, nanotechnologia czy wykorzystanie sztucznej inteligencji do analizy preferencji zapachowych s\u0105 tylko kilkoma przyk\u0142adami nowych trend\u00f3w w perfumeryjnym \u015bwiecie. Przysz\u0142o\u015b\u0107 zapach\u00f3w stawia wi\u0119c na harmoni\u0119 tradycji z nowoczesno\u015bci\u0105, tworz\u0105c ol\u015bniewaj\u0105ce kompozycje, kt\u00f3re niezwykle trafiaj\u0105 w gusta wsp\u00f3\u0142czesnych konsument\u00f3w.<\/p>\n","protected":false},"excerpt":{"rendered":"<p>Artyku\u0142 zaprezentuje czytelnikowi najnowsze trendy w perfumeryjnych zapachach i zach\u0119ca do odkrycia \u015bwie\u017cych kompozycji inspirowanych natur\u0105 oraz nietypowymi sk\u0142adnikami. Opisuje rosn\u0105ce zainteresowanie innowacyjnymi zapachami, kt\u00f3re przynosz\u0105 nowe doznania zapachowe oraz unikalne kombinacje sk\u0142adnik\u00f3w. Podkre\u015bla, \u017ce wiosenne zapachy inspirowane natur\u0105 staj\u0105 si\u0119 gor\u0105cym trendem, a innowacyjne technologie w produkcji zapach\u00f3w pozwalaj\u0105 stworzy\u0107 unikatowe kompozycje. Artyku\u0142 r\u00f3wnie\u017c rzuca \u015bwiat\u0142o na przysz\u0142o\u015b\u0107 perfumeryjnych trend\u00f3w, gdzie harmonia tradycji i nowoczesno\u015bci tworzy ol\u015bniewaj\u0105ce i zr\u00f3wnowa\u017cone kompozycje, spe\u0142niaj\u0105ce oczekiwania wsp\u00f3\u0142czesnych konsument\u00f3w poszukuj\u0105cych wyj\u0105tkowych dozna\u0144 zmys\u0142owych.<\/p>\n","protected":false},"author":1,"featured_media":128,"comment_status":"closed","ping_status":"open","sticky":false,"template":"","format":"standard","meta":{"footnotes":""},"categories":[83],"tags":[],"class_list":["post-129","post","type-post","status-publish","format-standard","has-post-thumbnail","hentry","category-nowosci-zapachowe"],"yoast_head":"<!-- This site is optimized with the Yoast SEO plugin v20.10 - https:\/\/yoast.com\/wordpress\/plugins\/seo\/ -->\n<title>Innowacyjne zapachy sezonu - Tajemnice Piel\u0119gnacji<\/title>\n<meta name=\"robots\" content=\"index, follow, max-snippet:-1, max-image-preview:large, max-video-preview:-1\" \/>\n<link rel=\"canonical\" href=\"https:\/\/refan-lublin.pl\/index.php\/2025\/03\/16\/innowacyjne-zapachy-sezonu\/\" \/>\n<meta property=\"og:locale\" content=\"pl_PL\" \/>\n<meta property=\"og:type\" content=\"article\" \/>\n<meta property=\"og:title\" content=\"Innowacyjne zapachy sezonu - Tajemnice Piel\u0119gnacji\" \/>\n<meta property=\"og:description\" content=\"Artyku\u0142 zaprezentuje czytelnikowi najnowsze trendy w perfumeryjnych zapachach i zach\u0119ca do odkrycia \u015bwie\u017cych kompozycji inspirowanych natur\u0105 oraz nietypowymi sk\u0142adnikami. Opisuje rosn\u0105ce zainteresowanie innowacyjnymi zapachami, kt\u00f3re przynosz\u0105 nowe doznania zapachowe oraz unikalne kombinacje sk\u0142adnik\u00f3w. Podkre\u015bla, \u017ce wiosenne zapachy inspirowane natur\u0105 staj\u0105 si\u0119 gor\u0105cym trendem, a innowacyjne technologie w produkcji zapach\u00f3w pozwalaj\u0105 stworzy\u0107 unikatowe kompozycje. Artyku\u0142 r\u00f3wnie\u017c rzuca \u015bwiat\u0142o na przysz\u0142o\u015b\u0107 perfumeryjnych trend\u00f3w, gdzie harmonia tradycji i nowoczesno\u015bci tworzy ol\u015bniewaj\u0105ce i zr\u00f3wnowa\u017cone kompozycje, spe\u0142niaj\u0105ce oczekiwania wsp\u00f3\u0142czesnych konsument\u00f3w poszukuj\u0105cych wyj\u0105tkowych dozna\u0144 zmys\u0142owych.\" \/>\n<meta property=\"og:url\" content=\"https:\/\/refan-lublin.pl\/index.php\/2025\/03\/16\/innowacyjne-zapachy-sezonu\/\" \/>\n<meta property=\"og:site_name\" content=\"Tajemnice Piel\u0119gnacji\" \/>\n<meta property=\"article:published_time\" content=\"2025-03-16T18:43:33+00:00\" \/>\n<meta property=\"og:image\" content=\"https:\/\/refan-lublin.pl\/wp-content\/uploads\/2024\/10\/post_photo-60.webp\" \/>\n\t<meta property=\"og:image:width\" content=\"1024\" \/>\n\t<meta property=\"og:image:height\" content=\"1024\" \/>\n\t<meta property=\"og:image:type\" content=\"image\/webp\" \/>\n<meta name=\"author\" content=\"admin\" \/>\n<meta name=\"twitter:card\" content=\"summary_large_image\" \/>\n<meta name=\"twitter:label1\" content=\"Napisane przez\" \/>\n\t<meta name=\"twitter:data1\" content=\"admin\" \/>\n\t<meta name=\"twitter:label2\" content=\"Szacowany czas czytania\" \/>\n\t<meta name=\"twitter:data2\" content=\"3 minuty\" \/>\n<script type=\"application\/ld+json\" class=\"yoast-schema-graph\">{\"@context\":\"https:\/\/schema.org\",\"@graph\":[{\"@type\":\"Article\",\"@id\":\"https:\/\/refan-lublin.pl\/index.php\/2025\/03\/16\/innowacyjne-zapachy-sezonu\/#article\",\"isPartOf\":{\"@id\":\"https:\/\/refan-lublin.pl\/index.php\/2025\/03\/16\/innowacyjne-zapachy-sezonu\/\"},\"author\":{\"name\":\"admin\",\"@id\":\"https:\/\/refan-lublin.pl\/#\/schema\/person\/b601220824c73ecebc8d823ae717c131\"},\"headline\":\"Innowacyjne zapachy sezonu\",\"datePublished\":\"2025-03-16T18:43:33+00:00\",\"dateModified\":\"2025-03-16T18:43:33+00:00\",\"mainEntityOfPage\":{\"@id\":\"https:\/\/refan-lublin.pl\/index.php\/2025\/03\/16\/innowacyjne-zapachy-sezonu\/\"},\"wordCount\":597,\"publisher\":{\"@id\":\"https:\/\/refan-lublin.pl\/#organization\"},\"articleSection\":[\"Nowo\u015bci Zapachowe\"],\"inLanguage\":\"pl-PL\"},{\"@type\":\"WebPage\",\"@id\":\"https:\/\/refan-lublin.pl\/index.php\/2025\/03\/16\/innowacyjne-zapachy-sezonu\/\",\"url\":\"https:\/\/refan-lublin.pl\/index.php\/2025\/03\/16\/innowacyjne-zapachy-sezonu\/\",\"name\":\"Innowacyjne zapachy sezonu - Tajemnice Piel\u0119gnacji\",\"isPartOf\":{\"@id\":\"https:\/\/refan-lublin.pl\/#website\"},\"datePublished\":\"2025-03-16T18:43:33+00:00\",\"dateModified\":\"2025-03-16T18:43:33+00:00\",\"breadcrumb\":{\"@id\":\"https:\/\/refan-lublin.pl\/index.php\/2025\/03\/16\/innowacyjne-zapachy-sezonu\/#breadcrumb\"},\"inLanguage\":\"pl-PL\",\"potentialAction\":[{\"@type\":\"ReadAction\",\"target\":[\"https:\/\/refan-lublin.pl\/index.php\/2025\/03\/16\/innowacyjne-zapachy-sezonu\/\"]}]},{\"@type\":\"BreadcrumbList\",\"@id\":\"https:\/\/refan-lublin.pl\/index.php\/2025\/03\/16\/innowacyjne-zapachy-sezonu\/#breadcrumb\",\"itemListElement\":[{\"@type\":\"ListItem\",\"position\":1,\"name\":\"Strona g\u0142\u00f3wna\",\"item\":\"https:\/\/refan-lublin.pl\/\"},{\"@type\":\"ListItem\",\"position\":2,\"name\":\"Innowacyjne zapachy sezonu\"}]},{\"@type\":\"WebSite\",\"@id\":\"https:\/\/refan-lublin.pl\/#website\",\"url\":\"https:\/\/refan-lublin.pl\/\",\"name\":\"Tajemnice Piel\u0119gnacji\",\"description\":\"\",\"publisher\":{\"@id\":\"https:\/\/refan-lublin.pl\/#organization\"},\"potentialAction\":[{\"@type\":\"SearchAction\",\"target\":{\"@type\":\"EntryPoint\",\"urlTemplate\":\"https:\/\/refan-lublin.pl\/?s={search_term_string}\"},\"query-input\":\"required name=search_term_string\"}],\"inLanguage\":\"pl-PL\"},{\"@type\":\"Organization\",\"@id\":\"https:\/\/refan-lublin.pl\/#organization\",\"name\":\"Tajemnice Piel\u0119gnacji\",\"url\":\"https:\/\/refan-lublin.pl\/\",\"logo\":{\"@type\":\"ImageObject\",\"inLanguage\":\"pl-PL\",\"@id\":\"https:\/\/refan-lublin.pl\/#\/schema\/logo\/image\/\",\"url\":\"https:\/\/refan-lublin.pl\/wp-content\/uploads\/2024\/10\/tajemnice-pielgnacji-high-resolution-logo-transparent.png\",\"contentUrl\":\"https:\/\/refan-lublin.pl\/wp-content\/uploads\/2024\/10\/tajemnice-pielgnacji-high-resolution-logo-transparent.png\",\"width\":2000,\"height\":1261,\"caption\":\"Tajemnice Piel\u0119gnacji\"},\"image\":{\"@id\":\"https:\/\/refan-lublin.pl\/#\/schema\/logo\/image\/\"}},{\"@type\":\"Person\",\"@id\":\"https:\/\/refan-lublin.pl\/#\/schema\/person\/b601220824c73ecebc8d823ae717c131\",\"name\":\"admin\",\"image\":{\"@type\":\"ImageObject\",\"inLanguage\":\"pl-PL\",\"@id\":\"https:\/\/refan-lublin.pl\/#\/schema\/person\/image\/\",\"url\":\"https:\/\/secure.gravatar.com\/avatar\/20f9971feab45143e013bdc999a9ec561b2b4cea2f903352b96d2e1fd8a2655e?s=96&d=mm&r=g\",\"contentUrl\":\"https:\/\/secure.gravatar.com\/avatar\/20f9971feab45143e013bdc999a9ec561b2b4cea2f903352b96d2e1fd8a2655e?s=96&d=mm&r=g\",\"caption\":\"admin\"},\"sameAs\":[\"https:\/\/refan-lublin.pl\"],\"url\":\"https:\/\/refan-lublin.pl\/index.php\/author\/admin\/\"}]}<\/script>\n<!-- \/ Yoast SEO plugin. -->","yoast_head_json":{"title":"Innowacyjne zapachy sezonu - Tajemnice Piel\u0119gnacji","robots":{"index":"index","follow":"follow","max-snippet":"max-snippet:-1","max-image-preview":"max-image-preview:large","max-video-preview":"max-video-preview:-1"},"canonical":"https:\/\/refan-lublin.pl\/index.php\/2025\/03\/16\/innowacyjne-zapachy-sezonu\/","og_locale":"pl_PL","og_type":"article","og_title":"Innowacyjne zapachy sezonu - Tajemnice Piel\u0119gnacji","og_description":"Artyku\u0142 zaprezentuje czytelnikowi najnowsze trendy w perfumeryjnych zapachach i zach\u0119ca do odkrycia \u015bwie\u017cych kompozycji inspirowanych natur\u0105 oraz nietypowymi sk\u0142adnikami. Opisuje rosn\u0105ce zainteresowanie innowacyjnymi zapachami, kt\u00f3re przynosz\u0105 nowe doznania zapachowe oraz unikalne kombinacje sk\u0142adnik\u00f3w. Podkre\u015bla, \u017ce wiosenne zapachy inspirowane natur\u0105 staj\u0105 si\u0119 gor\u0105cym trendem, a innowacyjne technologie w produkcji zapach\u00f3w pozwalaj\u0105 stworzy\u0107 unikatowe kompozycje. Artyku\u0142 r\u00f3wnie\u017c rzuca \u015bwiat\u0142o na przysz\u0142o\u015b\u0107 perfumeryjnych trend\u00f3w, gdzie harmonia tradycji i nowoczesno\u015bci tworzy ol\u015bniewaj\u0105ce i zr\u00f3wnowa\u017cone kompozycje, spe\u0142niaj\u0105ce oczekiwania wsp\u00f3\u0142czesnych konsument\u00f3w poszukuj\u0105cych wyj\u0105tkowych dozna\u0144 zmys\u0142owych.","og_url":"https:\/\/refan-lublin.pl\/index.php\/2025\/03\/16\/innowacyjne-zapachy-sezonu\/","og_site_name":"Tajemnice Piel\u0119gnacji","article_published_time":"2025-03-16T18:43:33+00:00","og_image":[{"width":1024,"height":1024,"url":"https:\/\/refan-lublin.pl\/wp-content\/uploads\/2024\/10\/post_photo-60.webp","type":"image\/webp"}],"author":"admin","twitter_card":"summary_large_image","twitter_misc":{"Napisane przez":"admin","Szacowany czas czytania":"3 minuty"},"schema":{"@context":"https:\/\/schema.org","@graph":[{"@type":"Article","@id":"https:\/\/refan-lublin.pl\/index.php\/2025\/03\/16\/innowacyjne-zapachy-sezonu\/#article","isPartOf":{"@id":"https:\/\/refan-lublin.pl\/index.php\/2025\/03\/16\/innowacyjne-zapachy-sezonu\/"},"author":{"name":"admin","@id":"https:\/\/refan-lublin.pl\/#\/schema\/person\/b601220824c73ecebc8d823ae717c131"},"headline":"Innowacyjne zapachy sezonu","datePublished":"2025-03-16T18:43:33+00:00","dateModified":"2025-03-16T18:43:33+00:00","mainEntityOfPage":{"@id":"https:\/\/refan-lublin.pl\/index.php\/2025\/03\/16\/innowacyjne-zapachy-sezonu\/"},"wordCount":597,"publisher":{"@id":"https:\/\/refan-lublin.pl\/#organization"},"articleSection":["Nowo\u015bci Zapachowe"],"inLanguage":"pl-PL"},{"@type":"WebPage","@id":"https:\/\/refan-lublin.pl\/index.php\/2025\/03\/16\/innowacyjne-zapachy-sezonu\/","url":"https:\/\/refan-lublin.pl\/index.php\/2025\/03\/16\/innowacyjne-zapachy-sezonu\/","name":"Innowacyjne zapachy sezonu - Tajemnice Piel\u0119gnacji","isPartOf":{"@id":"https:\/\/refan-lublin.pl\/#website"},"datePublished":"2025-03-16T18:43:33+00:00","dateModified":"2025-03-16T18:43:33+00:00","breadcrumb":{"@id":"https:\/\/refan-lublin.pl\/index.php\/2025\/03\/16\/innowacyjne-zapachy-sezonu\/#breadcrumb"},"inLanguage":"pl-PL","potentialAction":[{"@type":"ReadAction","target":["https:\/\/refan-lublin.pl\/index.php\/2025\/03\/16\/innowacyjne-zapachy-sezonu\/"]}]},{"@type":"BreadcrumbList","@id":"https:\/\/refan-lublin.pl\/index.php\/2025\/03\/16\/innowacyjne-zapachy-sezonu\/#breadcrumb","itemListElement":[{"@type":"ListItem","position":1,"name":"Strona g\u0142\u00f3wna","item":"https:\/\/refan-lublin.pl\/"},{"@type":"ListItem","position":2,"name":"Innowacyjne zapachy sezonu"}]},{"@type":"WebSite","@id":"https:\/\/refan-lublin.pl\/#website","url":"https:\/\/refan-lublin.pl\/","name":"Tajemnice Piel\u0119gnacji","description":"","publisher":{"@id":"https:\/\/refan-lublin.pl\/#organization"},"potentialAction":[{"@type":"SearchAction","target":{"@type":"EntryPoint","urlTemplate":"https:\/\/refan-lublin.pl\/?s={search_term_string}"},"query-input":"required name=search_term_string"}],"inLanguage":"pl-PL"},{"@type":"Organization","@id":"https:\/\/refan-lublin.pl\/#organization","name":"Tajemnice Piel\u0119gnacji","url":"https:\/\/refan-lublin.pl\/","logo":{"@type":"ImageObject","inLanguage":"pl-PL","@id":"https:\/\/refan-lublin.pl\/#\/schema\/logo\/image\/","url":"https:\/\/refan-lublin.pl\/wp-content\/uploads\/2024\/10\/tajemnice-pielgnacji-high-resolution-logo-transparent.png","contentUrl":"https:\/\/refan-lublin.pl\/wp-content\/uploads\/2024\/10\/tajemnice-pielgnacji-high-resolution-logo-transparent.png","width":2000,"height":1261,"caption":"Tajemnice Piel\u0119gnacji"},"image":{"@id":"https:\/\/refan-lublin.pl\/#\/schema\/logo\/image\/"}},{"@type":"Person","@id":"https:\/\/refan-lublin.pl\/#\/schema\/person\/b601220824c73ecebc8d823ae717c131","name":"admin","image":{"@type":"ImageObject","inLanguage":"pl-PL","@id":"https:\/\/refan-lublin.pl\/#\/schema\/person\/image\/","url":"https:\/\/secure.gravatar.com\/avatar\/20f9971feab45143e013bdc999a9ec561b2b4cea2f903352b96d2e1fd8a2655e?s=96&d=mm&r=g","contentUrl":"https:\/\/secure.gravatar.com\/avatar\/20f9971feab45143e013bdc999a9ec561b2b4cea2f903352b96d2e1fd8a2655e?s=96&d=mm&r=g","caption":"admin"},"sameAs":["https:\/\/refan-lublin.pl"],"url":"https:\/\/refan-lublin.pl\/index.php\/author\/admin\/"}]}},"_links":{"self":[{"href":"https:\/\/refan-lublin.pl\/index.php\/wp-json\/wp\/v2\/posts\/129","targetHints":{"allow":["GET"]}}],"collection":[{"href":"https:\/\/refan-lublin.pl\/index.php\/wp-json\/wp\/v2\/posts"}],"about":[{"href":"https:\/\/refan-lublin.pl\/index.php\/wp-json\/wp\/v2\/types\/post"}],"author":[{"embeddable":true,"href":"https:\/\/refan-lublin.pl\/index.php\/wp-json\/wp\/v2\/users\/1"}],"replies":[{"embeddable":true,"href":"https:\/\/refan-lublin.pl\/index.php\/wp-json\/wp\/v2\/comments?post=129"}],"version-history":[{"count":1,"href":"https:\/\/refan-lublin.pl\/index.php\/wp-json\/wp\/v2\/posts\/129\/revisions"}],"predecessor-version":[{"id":252,"href":"https:\/\/refan-lublin.pl\/index.php\/wp-json\/wp\/v2\/posts\/129\/revisions\/252"}],"wp:featuredmedia":[{"embeddable":true,"href":"https:\/\/refan-lublin.pl\/index.php\/wp-json\/wp\/v2\/media\/128"}],"wp:attachment":[{"href":"https:\/\/refan-lublin.pl\/index.php\/wp-json\/wp\/v2\/media?parent=129"}],"wp:term":[{"taxonomy":"category","embeddable":true,"href":"https:\/\/refan-lublin.pl\/index.php\/wp-json\/wp\/v2\/categories?post=129"},{"taxonomy":"post_tag","embeddable":true,"href":"https:\/\/refan-lublin.pl\/index.php\/wp-json\/wp\/v2\/tags?post=129"}],"curies":[{"name":"wp","href":"https:\/\/api.w.org\/{rel}","templated":true}]}}